{"id":7592,"date":"2012-12-16T18:58:22","date_gmt":"2012-12-16T17:58:22","guid":{"rendered":"http:\/\/antibarbarus.de\/?p=7592"},"modified":"2012-12-16T18:58:22","modified_gmt":"2012-12-16T17:58:22","slug":"wir-brauchen-mehr-videouberwachung","status":"publish","type":"post","link":"http:\/\/antibarbarus.de\/?p=7592","title":{"rendered":"Wir brauchen mehr Video\u00fcberwachung!"},"content":{"rendered":"<p>Niemand glaubt im Ernst, da\u00df die Video\u00fcberwachung \u00f6ffentlicher Pl\u00e4tze ein Allheilmittel gegen Terroranschl\u00e4ge bildet &#8211; so ein Allheilmittel gibt es leider nicht. Aber wenn die Kameras auf dem Bonner Bahnhof auch aufgezeichnet h\u00e4tten, w\u00e4ren die T\u00e4ter vielleicht schon bekannt.<\/p>\n<p>Leider denken viele Politiker &#8211; besonders aus dem gr\u00fcnen und linken Lager &#8211; in dieser Frage nicht pragmatisch, sondern ideologisch. Da wird dann, statt das F\u00fcr und Wider abzuw\u00e4gen, der Popanz des &#8222;\u00dcberwachungsstaats&#8220; aufgebaut. D\u00f6ring, Leutheusser-Schnarrenberger, SPD und Gr\u00fcne lehnten auch nach den Bonner Ereignissen die Ausweitung der Video\u00fcberwachung in Deutschland strikt ab.<\/p>\n<p>Aber warum eigentlich? Nat\u00fcrlich brauchen wir hier keine Zust\u00e4nde wie in England, wo manche Stadtteile fast fl\u00e4chendeckend gefilmt werden. Hier bei uns geht es doch nur Pl\u00e4tze, an denen sehr viele Menschen zusammenkommen: Bahnh\u00f6fe, Flugh\u00e4fen, aber zum Beispiel auch Volksfeste. Sie sind besonders gef\u00e4hrdet, weil die Terroristen mit ihrer perversen Denkweise immer auf gro\u00dfe Opferzahlen aus sind. Ich pers\u00f6nlich w\u00fcrde mich jedenfalls durch mehr Videokameras nicht <em>\u00fcberwacht<\/em>, ich w\u00fcrde mich <em>sicherer<\/em> f\u00fchlen.<\/p>\n<p>&#8222;Wir sollten daf\u00fcr sorgen&#8220;, sagt die Justizministerin, &#8222;da\u00df Bomben die Bahnh\u00f6fe gar nicht erst erreichen k\u00f6nnen.&#8220; Das ist ein frommer Wunsch &#8211; mehr nicht.<\/p>\n","protected":false},"excerpt":{"rendered":"<p>Niemand glaubt im Ernst, da\u00df die Video\u00fcberwachung \u00f6ffentlicher Pl\u00e4tze ein Allheilmittel gegen Terroranschl\u00e4ge bildet &#8211; so ein Allheilmittel gibt es leider nicht. Aber wenn die Kameras auf dem Bonner Bahnhof auch aufgezeichnet h\u00e4tten, w\u00e4ren die T\u00e4ter vielleicht schon bekannt. Leider &hellip; <a href=\"http:\/\/antibarbarus.de\/?p=7592\">Weiterlesen <span class=\"meta-nav\">&rarr;<\/span><\/a><\/p>\n","protected":false},"author":1,"featured_media":0,"comment_status":"open","ping_status":"open","sticky":false,"template":"","format":"standard","meta":{"footnotes":""},"categories":[5,12],"tags":[],"class_list":["post-7592","post","type-post","status-publish","format-standard","hentry","category-islam","category-politik"],"_links":{"self":[{"href":"http:\/\/antibarbarus.de\/index.php?rest_route=\/wp\/v2\/posts\/7592","targetHints":{"allow":["GET"]}}],"collection":[{"href":"http:\/\/antibarbarus.de\/index.php?rest_route=\/wp\/v2\/posts"}],"about":[{"href":"http:\/\/antibarbarus.de\/index.php?rest_route=\/wp\/v2\/types\/post"}],"author":[{"embeddable":true,"href":"http:\/\/antibarbarus.de\/index.php?rest_route=\/wp\/v2\/users\/1"}],"replies":[{"embeddable":true,"href":"http:\/\/antibarbarus.de\/index.php?rest_route=%2Fwp%2Fv2%2Fcomments&post=7592"}],"version-history":[{"count":2,"href":"http:\/\/antibarbarus.de\/index.php?rest_route=\/wp\/v2\/posts\/7592\/revisions"}],"predecessor-version":[{"id":7594,"href":"http:\/\/antibarbarus.de\/index.php?rest_route=\/wp\/v2\/posts\/7592\/revisions\/7594"}],"wp:attachment":[{"href":"http:\/\/antibarbarus.de\/index.php?rest_route=%2Fwp%2Fv2%2Fmedia&parent=7592"}],"wp:term":[{"taxonomy":"category","embeddable":true,"href":"http:\/\/antibarbarus.de\/index.php?rest_route=%2Fwp%2Fv2%2Fcategories&post=7592"},{"taxonomy":"post_tag","embeddable":true,"href":"http:\/\/antibarbarus.de\/index.php?rest_route=%2Fwp%2Fv2%2Ftags&post=7592"}],"curies":[{"name":"wp","href":"https:\/\/api.w.org\/{rel}","templated":true}]}}