{"id":62,"date":"2011-04-04T14:11:21","date_gmt":"2011-04-04T12:11:21","guid":{"rendered":"http:\/\/antibarbarus.de\/?p=62"},"modified":"2011-04-06T00:19:10","modified_gmt":"2011-04-05T22:19:10","slug":"ein-pladoyer-gegen-die-selbstgerechtigkeit-und-den-schaum-vor-dem-mund","status":"publish","type":"post","link":"http:\/\/antibarbarus.de\/?p=62","title":{"rendered":"Ein kleines Pl\u00e4doyer gegen die Selbstgerechtigkeit"},"content":{"rendered":"<p>Wenn jemand geifert und Schaum vor dem Mund hat, ist er immer im Unrecht &#8211; egal was er sagt.<\/p>\n<p>Das ist mir vor einiger Zeit beim Betrachten der Bundestagsdebatte \u00fcber den Verteidigungsminister zu Guttenberg wieder klar geworden. Wie etwa Trittin auf den ohnehin schon schwer angeschlagenen Minister eingeschlagen hat, sozusagen mit verbalen Springerstiefeln, immer und immer wieder, das war absto\u00dfend und ohne Ma\u00df und Anstand.<\/p>\n<p>Da sollte ein Mensch wirklich politisch vernichtet werden. Soviel Selbstgerechtigkeit, soviel Pharis\u00e4ertum &#8211; man m\u00f6chte diesen Scharfrichtern von SPD und Gr\u00fcnen immer nur zurufen:<\/p>\n<blockquote><p>Wer von euch ohne S\u00fcnde ist, der werfe den ersten Stein.<\/p><\/blockquote>\n<p>Ich f\u00fcrchte, sie h\u00e4tten den Stein geworfen.<\/p>\n<p>Eine der peinlichsten Stunden seit langem im deutschen Parlament.<\/p>\n","protected":false},"excerpt":{"rendered":"<p>Wenn jemand geifert und Schaum vor dem Mund hat, ist er immer im Unrecht &#8211; egal was er sagt. Das ist mir vor einiger Zeit beim Betrachten der Bundestagsdebatte \u00fcber den Verteidigungsminister zu Guttenberg wieder klar geworden. Wie etwa Trittin &hellip; <a href=\"http:\/\/antibarbarus.de\/?p=62\">Weiterlesen <span class=\"meta-nav\">&rarr;<\/span><\/a><\/p>\n","protected":false},"author":1,"featured_media":0,"comment_status":"open","ping_status":"open","sticky":false,"template":"","format":"standard","meta":{"footnotes":""},"categories":[4,12],"tags":[],"class_list":["post-62","post","type-post","status-publish","format-standard","hentry","category-die-grune-bewegung","category-politik"],"_links":{"self":[{"href":"http:\/\/antibarbarus.de\/index.php?rest_route=\/wp\/v2\/posts\/62","targetHints":{"allow":["GET"]}}],"collection":[{"href":"http:\/\/antibarbarus.de\/index.php?rest_route=\/wp\/v2\/posts"}],"about":[{"href":"http:\/\/antibarbarus.de\/index.php?rest_route=\/wp\/v2\/types\/post"}],"author":[{"embeddable":true,"href":"http:\/\/antibarbarus.de\/index.php?rest_route=\/wp\/v2\/users\/1"}],"replies":[{"embeddable":true,"href":"http:\/\/antibarbarus.de\/index.php?rest_route=%2Fwp%2Fv2%2Fcomments&post=62"}],"version-history":[{"count":8,"href":"http:\/\/antibarbarus.de\/index.php?rest_route=\/wp\/v2\/posts\/62\/revisions"}],"predecessor-version":[{"id":66,"href":"http:\/\/antibarbarus.de\/index.php?rest_route=\/wp\/v2\/posts\/62\/revisions\/66"}],"wp:attachment":[{"href":"http:\/\/antibarbarus.de\/index.php?rest_route=%2Fwp%2Fv2%2Fmedia&parent=62"}],"wp:term":[{"taxonomy":"category","embeddable":true,"href":"http:\/\/antibarbarus.de\/index.php?rest_route=%2Fwp%2Fv2%2Fcategories&post=62"},{"taxonomy":"post_tag","embeddable":true,"href":"http:\/\/antibarbarus.de\/index.php?rest_route=%2Fwp%2Fv2%2Ftags&post=62"}],"curies":[{"name":"wp","href":"https:\/\/api.w.org\/{rel}","templated":true}]}}