{"id":604,"date":"2011-05-16T19:19:57","date_gmt":"2011-05-16T17:19:57","guid":{"rendered":"http:\/\/antibarbarus.de\/?p=604"},"modified":"2011-05-16T19:19:57","modified_gmt":"2011-05-16T17:19:57","slug":"gottes-segen-fur-die-windkraft","status":"publish","type":"post","link":"http:\/\/antibarbarus.de\/?p=604","title":{"rendered":"Gottes Segen f\u00fcr die Windkraft?"},"content":{"rendered":"<p>Die &#8222;Ethikkommission&#8220; zur Energiewende ist, wie man in der heutigen F.A.Z. lesen kann, &#8222;zu einem nicht geringen Teil mit Kirchenleuten besetzt&#8220;. Vor allem die evangelische Kirche gibt ja seit Wiederbewaffnung und Ostpolitik zu allen aktuellen Themen ihren Senf dazu. So war es klar, da\u00df sich auch der Evangelische Arbeitskreis der CDU\/CSU (EAK) am Freitag mit der (deutschen) Mutter aller Themen besch\u00e4ftigen w\u00fcrde. Umweltminister R\u00f6ttgen ist zwar katholisch, aber er war trotzdem ein gern gesehener Gastredner im Konrad-Adenauer-Haus. Er bedankte sich mit einer Formulierung, die es in sich hat. Die Energiewende, so sagte er, sei<\/p>\n<blockquote>\n<p style=\"text-align: center;\">sch\u00f6pfungsethisch fundiert<\/p>\n<\/blockquote>\n<p>und werde &#8222;mit marktwirtschaftlicher Kompetenz vollzogen&#8220;.<\/p>\n<p>Sch\u00f6pfungsethisch fundiert &#8211; darauf mu\u00df man erst einmal kommen! Klar, die Sch\u00f6pfung sollte erhalten und den k\u00fcnftigen Generationen einigerma\u00dfen intakt hinterlassen werden. Das wu\u00dfte ich \u00fcbrigens schon, als Herr R\u00f6ttgen noch in Rheinbach die Schulbank dr\u00fcckte. Neu ist mir freilich, da\u00df jetzt jedes Windrad und jeder Sonnenkollektor unter dem besonderen Schutz des lieben Gottes steht.<\/p>\n<p>Es gibt L\u00e4nder, in denen der gesunde Menschenverstand, der <em>common sense<\/em>, regiert. In solchen L\u00e4ndern ist gut leben. Aber bei uns herrscht neuerdings die Maxime<\/p>\n<blockquote>\n<p style=\"text-align: center;\">Seid ethisch, ethisch, ethisch!<\/p>\n<\/blockquote>\n<p>Wir sollen morgens schon mit einem schlechten Gewissen aufwachen (ist der Kaffee auch wirklich fair gehandelt? stammt die Milch von gl\u00fccklichen K\u00fchen?), und so geht es den ganzen Tag weiter, bei jedem Bissen, bei jeder menschlichen Regung, bis wir abends im Bett noch einmal \u00fcber unsere ganz pers\u00f6nliche CO2-Bilanz des Tages nachgr\u00fcbeln.<\/p>\n<p>Lebe ich noch in einem freien Land? Oder entscheidet, wie zu Zeiten von Robespierre und Danton, ein <em>comit\u00e9 de salut public<\/em> (auch eine Art Ethikkommission!) dar\u00fcber, was gut und gerecht ist?<\/p>\n<p>Mein Land befindet sich zur Zeit in einer Art seliger Trunkenheit. Eine gro\u00dfe Mehrheit berauscht sich am Guten, Edlen, \u00f6kologisch Korrekten, man ist so ethisch, so gut, da\u00df einem fast schon \u00fcbel wird. Aber der Kater wird kommen.<\/p>\n<p>Der Volkswirtschaftler Carl Christian von Weizs\u00e4cker spricht von einer &#8222;Zwangsern\u00e4hrung mit \u00f6kologisch korrekten Produkten&#8220;, die Frankfurter Allgemeine Sonntagszeitung nennt es \u00d6kotyrranei. Gegen diese &#8222;herzliche \u00d6kodiktatur&#8220;, schreibt sie, sei nicht anzukommen. &#8222;Gegenwehr ist zwecklos.&#8220;<\/p>\n<p>Tr\u00f6stlich ist nur, da\u00df auch der tiefste Rausch einmal der N\u00fcchternheit weicht.<\/p>\n","protected":false},"excerpt":{"rendered":"<p>Die &#8222;Ethikkommission&#8220; zur Energiewende ist, wie man in der heutigen F.A.Z. lesen kann, &#8222;zu einem nicht geringen Teil mit Kirchenleuten besetzt&#8220;. Vor allem die evangelische Kirche gibt ja seit Wiederbewaffnung und Ostpolitik zu allen aktuellen Themen ihren Senf dazu. So &hellip; <a href=\"http:\/\/antibarbarus.de\/?p=604\">Weiterlesen <span class=\"meta-nav\">&rarr;<\/span><\/a><\/p>\n","protected":false},"author":1,"featured_media":0,"comment_status":"open","ping_status":"open","sticky":false,"template":"","format":"standard","meta":{"footnotes":""},"categories":[3,12,8],"tags":[],"class_list":["post-604","post","type-post","status-publish","format-standard","hentry","category-christentum","category-politik","category-windkraftanlagen"],"_links":{"self":[{"href":"http:\/\/antibarbarus.de\/index.php?rest_route=\/wp\/v2\/posts\/604","targetHints":{"allow":["GET"]}}],"collection":[{"href":"http:\/\/antibarbarus.de\/index.php?rest_route=\/wp\/v2\/posts"}],"about":[{"href":"http:\/\/antibarbarus.de\/index.php?rest_route=\/wp\/v2\/types\/post"}],"author":[{"embeddable":true,"href":"http:\/\/antibarbarus.de\/index.php?rest_route=\/wp\/v2\/users\/1"}],"replies":[{"embeddable":true,"href":"http:\/\/antibarbarus.de\/index.php?rest_route=%2Fwp%2Fv2%2Fcomments&post=604"}],"version-history":[{"count":8,"href":"http:\/\/antibarbarus.de\/index.php?rest_route=\/wp\/v2\/posts\/604\/revisions"}],"predecessor-version":[{"id":612,"href":"http:\/\/antibarbarus.de\/index.php?rest_route=\/wp\/v2\/posts\/604\/revisions\/612"}],"wp:attachment":[{"href":"http:\/\/antibarbarus.de\/index.php?rest_route=%2Fwp%2Fv2%2Fmedia&parent=604"}],"wp:term":[{"taxonomy":"category","embeddable":true,"href":"http:\/\/antibarbarus.de\/index.php?rest_route=%2Fwp%2Fv2%2Fcategories&post=604"},{"taxonomy":"post_tag","embeddable":true,"href":"http:\/\/antibarbarus.de\/index.php?rest_route=%2Fwp%2Fv2%2Ftags&post=604"}],"curies":[{"name":"wp","href":"https:\/\/api.w.org\/{rel}","templated":true}]}}