{"id":564,"date":"2011-05-04T14:34:29","date_gmt":"2011-05-04T12:34:29","guid":{"rendered":"http:\/\/antibarbarus.de\/?p=564"},"modified":"2011-05-05T18:40:17","modified_gmt":"2011-05-05T16:40:17","slug":"merkel-und-osama","status":"publish","type":"post","link":"http:\/\/antibarbarus.de\/?p=564","title":{"rendered":"Angela und Osama"},"content":{"rendered":"<p>Das ist ein merkw\u00fcrdiges Land, in dem ich lebe. Es hat etwas oberlehrerhaft Moralisches, so als wollten wir immerzu sagen: Seht her, wie wir aus unserer Geschichte gelernt haben! Seht her, wie gut wir jetzt sind!<\/p>\n<p>Und dann die Kanzlerin mit ihren unbedachten Worten.<\/p>\n<blockquote><p>Ich freue    mich dar\u00fcber, da\u00df es gelungen ist, bin Laden zu t\u00f6ten. Und ich glaube, da\u00df    es vor allen Dingen auch f\u00fcr die Menschen in Amerika, aber auch f\u00fcr uns in    Deutschland doch eine Nachricht ist, da\u00df einer der K\u00f6pfe des    internationalen Terrorismus, der so viele Menschen auch schon das Leben    gekostet hat, gefa\u00dft, also get\u00f6tet wurde. Und damit auch nicht mehr weiter    t\u00e4tig sein kann. Und das ist das, was jetzt f\u00fcr mich z\u00e4hlt. Und deshalb habe    ich auch meinen Respekt f\u00fcr dieses Gelingen dem amerikanischen Pr\u00e4sidenten    mitgeteilt. Und das war mir auch ein Bed\u00fcrfnis.<\/p><\/blockquote>\n<p>So hat sie es gesagt. Ich sehe schon: f\u00fcr jeden dieser S\u00e4tze\u00a0 wird man jetzt eigens eine Ethik-Kommission einberufen. Oder wenigstens einen parlamentarischen Untersuchungsausschu\u00df. Das mu\u00df alles erst einmal von Grund auf moralisch evaluiert werden!<\/p>\n<p>Wie gesagt: es ist schon ein merkw\u00fcrdiges Land, in dem ich lebe.<\/p>\n","protected":false},"excerpt":{"rendered":"<p>Das ist ein merkw\u00fcrdiges Land, in dem ich lebe. Es hat etwas oberlehrerhaft Moralisches, so als wollten wir immerzu sagen: Seht her, wie wir aus unserer Geschichte gelernt haben! Seht her, wie gut wir jetzt sind! Und dann die Kanzlerin &hellip; <a href=\"http:\/\/antibarbarus.de\/?p=564\">Weiterlesen <span class=\"meta-nav\">&rarr;<\/span><\/a><\/p>\n","protected":false},"author":1,"featured_media":0,"comment_status":"open","ping_status":"open","sticky":false,"template":"","format":"standard","meta":{"footnotes":""},"categories":[5,12],"tags":[],"class_list":["post-564","post","type-post","status-publish","format-standard","hentry","category-islam","category-politik"],"_links":{"self":[{"href":"http:\/\/antibarbarus.de\/index.php?rest_route=\/wp\/v2\/posts\/564","targetHints":{"allow":["GET"]}}],"collection":[{"href":"http:\/\/antibarbarus.de\/index.php?rest_route=\/wp\/v2\/posts"}],"about":[{"href":"http:\/\/antibarbarus.de\/index.php?rest_route=\/wp\/v2\/types\/post"}],"author":[{"embeddable":true,"href":"http:\/\/antibarbarus.de\/index.php?rest_route=\/wp\/v2\/users\/1"}],"replies":[{"embeddable":true,"href":"http:\/\/antibarbarus.de\/index.php?rest_route=%2Fwp%2Fv2%2Fcomments&post=564"}],"version-history":[{"count":10,"href":"http:\/\/antibarbarus.de\/index.php?rest_route=\/wp\/v2\/posts\/564\/revisions"}],"predecessor-version":[{"id":572,"href":"http:\/\/antibarbarus.de\/index.php?rest_route=\/wp\/v2\/posts\/564\/revisions\/572"}],"wp:attachment":[{"href":"http:\/\/antibarbarus.de\/index.php?rest_route=%2Fwp%2Fv2%2Fmedia&parent=564"}],"wp:term":[{"taxonomy":"category","embeddable":true,"href":"http:\/\/antibarbarus.de\/index.php?rest_route=%2Fwp%2Fv2%2Fcategories&post=564"},{"taxonomy":"post_tag","embeddable":true,"href":"http:\/\/antibarbarus.de\/index.php?rest_route=%2Fwp%2Fv2%2Ftags&post=564"}],"curies":[{"name":"wp","href":"https:\/\/api.w.org\/{rel}","templated":true}]}}