{"id":5588,"date":"2012-05-27T02:21:05","date_gmt":"2012-05-27T00:21:05","guid":{"rendered":"http:\/\/antibarbarus.de\/?p=5588"},"modified":"2012-05-27T23:06:41","modified_gmt":"2012-05-27T21:06:41","slug":"tschuldigung-sagt-meli-kiyak-und-schimpft-weiter","status":"publish","type":"post","link":"http:\/\/antibarbarus.de\/?p=5588","title":{"rendered":"&#8222;Tschuldigung&#8220;, sagt Mely Kiyak &#8211; und schimpft weiter"},"content":{"rendered":"<p>Die Kolumnistin der <em>Frankfurter Rundschau<\/em> und der <em>Berliner Zeitung<\/em> hat sich, wie man (unter anderem <a title=\"hier\" href=\"http:\/\/www.bild.de\/politik\/inland\/thilo-sarrazin\/diese-journalistin-muss-sich-bei-sarrazin-entschuldigen-24344024.bild.html\">hier<\/a>) liest, f\u00fcr ihren schlimmen Satz \u00fcber Thilo Sarrazin entschuldigt &#8211; ein bi\u00dfchen.<\/p>\n<p>Da\u00df Sarrazins Gesicht teilweise gel\u00e4hmt ist (es soll sich nicht um einen Schlaganfall, sondern um eine acht Jahre zur\u00fcckliegende Tumor-Operation handeln), habe sie nicht gewu\u00dft.<\/p>\n<blockquote><p>Wenn ich den physiologischen Hintergrund gekannt h\u00e4tte, h\u00e4tte ich das Bild nicht gew\u00e4hlt. Ich bedauere das sehr!<\/p><\/blockquote>\n<p>Im selben Atemzug spricht sie freilich von einer &#8222;gesteuerten und organisierten Beschwerdewelle&#8220; gegen sie &#8211; und zeigt damit, da\u00df sie nichts begriffen hat. Sie ist unbelehrbar, und nat\u00fcrlich wird sie ihre Kolumne in den Bl\u00e4ttern des Dumont-Verlags behalten.\u00a0 Ihr neuester Artikel, &#8222;Lieber Peter Altmaier!&#8220; ist genauso gequ\u00e4lt lustig, genauso konfus wie alle anderen davor.<\/p>\n<p>Liebe Macher der <em>Frankfurter Rundschau<\/em>, habt ihr es wirklich n\u00f6tig, so einen Quark zu drucken? Habt ihr keine guten Volont\u00e4re mehr? Kein Geld f\u00fcr wirklich gute Redakteure, und f\u00fcr Kolumnisten, die mehr k\u00f6nnen, als sich aufzubl\u00e4hen und rotzfrech zu sein? Ist der Migrationshintergrund beim Einstellungsgespr\u00e4ch wichtiger als journalistische Qualit\u00e4t?<\/p>\n<p>Es mag eine kleine Szene geben, der Frau Kiyak mit ihrem seltsamen Deutsch und ihrer chaotischen Gedankenf\u00fchrung imponiert. Ich geh\u00f6re nicht dazu. Schlechten Geschmack darf man, finde ich, nicht durchgehen lassen, und schon gar nicht in einer Zeitung, die das Lebenswerk von Karl Gerold ist. Da\u00df er sich gerade im Grab herumdreht, halte ich f\u00fcr eine ausgemachte Tatsache.<\/p>\n<p>Es geht n\u00e4mlich nicht nur um Frau Kiyak, der man vom Verlag wohl zu einer wenigstens angedeuteten Entschuldigung geraten hat. Es geht hier um zwei Zeitungen, die ein furchtbares Zitat, n\u00e4mlich dieses: Sarrazin sei eine<\/p>\n<blockquote><p>lispelnde, stotternde, zuckende Menschenkarikatur,<\/p><\/blockquote>\n<p>erst abgedruckt, dann klammheimlich entfernt und schlie\u00dflich zusammen mit dem ganzen Artikel gel\u00f6scht haben. Und das alles bis jetzt ohne ein einziges Wort der Entschuldigung.<\/p>\n<p>Nein, so einfach geht das nicht. Mely Kiyak hat die Kolumne mit dem menschenverachtenden Satz an die Redaktion geschickt, aber sie hat die Kolumne nicht gedruckt. Die Verantwortung f\u00fcr die Ver\u00f6ffentlichung eines so niedertr\u00e4chtigen Satzes liegt bei der <em>Frankfurter Rundschau<\/em> und der <em>Berliner Zeitung<\/em>.<\/p>\n<p>Sie m\u00fcssen sich endlich dazu \u00e4u\u00dfern, und sie sollten uns auch erkl\u00e4ren, ob Frau Kiyak tats\u00e4chlich ohne jede Kontrolle durch Redaktion und Verlag buchst\u00e4blich schreiben kann, was sie will.<\/p>\n","protected":false},"excerpt":{"rendered":"<p>Die Kolumnistin der Frankfurter Rundschau und der Berliner Zeitung hat sich, wie man (unter anderem hier) liest, f\u00fcr ihren schlimmen Satz \u00fcber Thilo Sarrazin entschuldigt &#8211; ein bi\u00dfchen. Da\u00df Sarrazins Gesicht teilweise gel\u00e4hmt ist (es soll sich nicht um einen &hellip; <a href=\"http:\/\/antibarbarus.de\/?p=5588\">Weiterlesen <span class=\"meta-nav\">&rarr;<\/span><\/a><\/p>\n","protected":false},"author":1,"featured_media":0,"comment_status":"open","ping_status":"open","sticky":false,"template":"","format":"standard","meta":{"footnotes":""},"categories":[12,15,9],"tags":[],"class_list":["post-5588","post","type-post","status-publish","format-standard","hentry","category-politik","category-sonstiges","category-die-deutsche-sprache"],"_links":{"self":[{"href":"http:\/\/antibarbarus.de\/index.php?rest_route=\/wp\/v2\/posts\/5588","targetHints":{"allow":["GET"]}}],"collection":[{"href":"http:\/\/antibarbarus.de\/index.php?rest_route=\/wp\/v2\/posts"}],"about":[{"href":"http:\/\/antibarbarus.de\/index.php?rest_route=\/wp\/v2\/types\/post"}],"author":[{"embeddable":true,"href":"http:\/\/antibarbarus.de\/index.php?rest_route=\/wp\/v2\/users\/1"}],"replies":[{"embeddable":true,"href":"http:\/\/antibarbarus.de\/index.php?rest_route=%2Fwp%2Fv2%2Fcomments&post=5588"}],"version-history":[{"count":6,"href":"http:\/\/antibarbarus.de\/index.php?rest_route=\/wp\/v2\/posts\/5588\/revisions"}],"predecessor-version":[{"id":5591,"href":"http:\/\/antibarbarus.de\/index.php?rest_route=\/wp\/v2\/posts\/5588\/revisions\/5591"}],"wp:attachment":[{"href":"http:\/\/antibarbarus.de\/index.php?rest_route=%2Fwp%2Fv2%2Fmedia&parent=5588"}],"wp:term":[{"taxonomy":"category","embeddable":true,"href":"http:\/\/antibarbarus.de\/index.php?rest_route=%2Fwp%2Fv2%2Fcategories&post=5588"},{"taxonomy":"post_tag","embeddable":true,"href":"http:\/\/antibarbarus.de\/index.php?rest_route=%2Fwp%2Fv2%2Ftags&post=5588"}],"curies":[{"name":"wp","href":"https:\/\/api.w.org\/{rel}","templated":true}]}}