{"id":5535,"date":"2012-05-22T14:14:40","date_gmt":"2012-05-22T12:14:40","guid":{"rendered":"http:\/\/antibarbarus.de\/?p=5535"},"modified":"2012-05-22T14:14:40","modified_gmt":"2012-05-22T12:14:40","slug":"die-frankfurter-rundschau-die-berliner-zeitung-und-ein-untermensch-namens-sarrazin","status":"publish","type":"post","link":"http:\/\/antibarbarus.de\/?p=5535","title":{"rendered":"Die Frankfurter Rundschau, die Berliner Zeitung und ein Untermensch namens Sarrazin"},"content":{"rendered":"<p>Gestern erst hatte ich die <em>Frankfurter Rundschau<\/em> gelobt, weil sie das Gespr\u00e4ch zwischen Steinbr\u00fcck und Sarrazin als &#8222;sehr sachliches Gespr\u00e4ch&#8220; bezeichnet hatte.<\/p>\n<p>Dieses Lob nehme ich mit dem Ausdruck des Bedauerns zur\u00fcck. Es wird nicht wieder vorkommen.<\/p>\n<p>Denn inzwischen hat sich in diesem Blatt einiges getan. Mit einem gro\u00dfen Artikel von Robert von Heusinger ist nun auch die <em>FR<\/em> in den Kreis der Zeitungen zur\u00fcckgekehrt, denen es vor allem darum geht, Sarrazin zu diffamieren. Wohlgemerkt: zu diffamieren, nicht zu widerlegen &#8211; denn ihn zu widerlegen, wo er irrt, w\u00e4re sogar die ureigene Aufgabe eines Journalisten. Nein, schon die Sprache zeigt, da\u00df hier eine Abrechnung stattfindet.<\/p>\n<p>Sarrazin, so von Heusinger, &#8222;sch\u00fcrt Ressentiments&#8220; und &#8222;t\u00e4uscht&#8220;, es ist ein &#8222;h\u00e4sslicher nationalistischer Ton&#8220; da. F\u00fcr die Sarrazin angedichtete Forderung &#8222;Zur\u00fcck zur D-Mark&#8220; sei ihm alles recht: &#8222;auslassen, weglassen, umdeuten, bewusst falsch interpretieren&#8220;. Kurz und b\u00fcndig: es sei &#8222;ein widerliches Buch&#8220;.<\/p>\n<p>Da h\u00f6rt man den Ha\u00df heraus, den viele &#8222;linksliberale&#8220; Bl\u00e4tter immer noch gegen Sarrazin hegen, weil er mit seinem letzten Buch die sch\u00f6ne (ebenso romantische wie falsche!) Illusion von der multikulturellen Gesellschaft gest\u00f6rt hat. Das werden sie ihm nie verzeihen.<\/p>\n<p>Also: ein &#8222;widerliches Buch&#8220;.<\/p>\n<p>Legen wir jetzt aber einmal diese hohen ethischen Ma\u00dfst\u00e4be an die <em>Frankfurter Rundschau<\/em> selbst an. Sie hat, ebenso wie die <em>Berliner Zeitung<\/em>, mit der sie in einem Redaktionspool verbunden ist, auf ihren Online-Seiten einen Artikel der deutsch-kurdischen Journalistin Mely Kiyak ver\u00f6ffentlicht, in dem der nach einem Schlaganfall immer noch beeintr\u00e4chtigte Sarrazin als &#8222;lispelnde, stotternde, zuckende Menschenkarikatur&#8220; bezeichnet wird. Das ist eine ungeheuerliche Entgleisung, f\u00fcr die nat\u00fcrlich erst einmal Frau Kiyak selbst die Verantwortung \u00fcbernehmen mu\u00df (sie hat sich bis jetzt nicht daf\u00fcr entschuldigt). Fast noch schlimmer ist aber, da\u00df beide Zeitungen inzwischen das Kiyaksche Zitat klammheimlich entsch\u00e4rft haben &#8211; der zitierte Nebensatz wurde kommentarlos entfernt, als ob es ihn nie gegeben h\u00e4tte. Auch von den Redaktionen: kein Wort der Erkl\u00e4rung oder gar Entschuldigung.<\/p>\n<p>Im alten Rom hat man die Namen und Abbildungen von unliebsamen Kaisern einfach ausgel\u00f6scht. Die beiden Zeitungen, die sich als Hort des Liberalismus und der Demokratie begreifen, machen es nicht anders als die antiken Despoten &#8211; und die M\u00f6glichkeiten, die ihnen das Internet bietet, nutzen sie. Aber das gelingt nur auf den ersten Blick.<\/p>\n<p>Der Satz von Frau Kiyak hat wirklich dagestanden, das ist inzwischen genauso dokumentiert wie die klammheimliche L\u00f6schung. Aber es kommt keine Erkl\u00e4rung, man will das Problem einfach aussitzen. Und die Journalistin, darauf m\u00f6chte ich wetten, wird ihre Kolumne behalten.<\/p>\n<p>Einen solchen Satz, der auch im <em>St\u00fcrmer<\/em> h\u00e4tte stehen k\u00f6nnen, zu ver\u00f6ffentlichen, nur weil man sich mit einer jungen Journalistin <em>mit Migrationshintergrund<\/em> schm\u00fccken will, ist eine Schande. Das journalistische Ethos wird hier mit F\u00fc\u00dfen getreten. Aber da\u00df man dann, kaum da\u00df der Sturm losbricht, zum wortlosen L\u00f6schen \u00fcbergeht &#8211; <em>aus dem Netz, aus dem Sinn!<\/em> &#8211; und damit zum Instrumentarium der altr\u00f6mischen Kaiserzeit greift, ist durch nichts zu rechtfertigen.<\/p>\n<p>Es ist &#8211; um ein Wort von Robert von Heusinger zu gebrauchen &#8211; einfach nur &#8222;widerlich&#8220;.<\/p>\n","protected":false},"excerpt":{"rendered":"<p>Gestern erst hatte ich die Frankfurter Rundschau gelobt, weil sie das Gespr\u00e4ch zwischen Steinbr\u00fcck und Sarrazin als &#8222;sehr sachliches Gespr\u00e4ch&#8220; bezeichnet hatte. Dieses Lob nehme ich mit dem Ausdruck des Bedauerns zur\u00fcck. Es wird nicht wieder vorkommen. Denn inzwischen hat &hellip; <a href=\"http:\/\/antibarbarus.de\/?p=5535\">Weiterlesen <span class=\"meta-nav\">&rarr;<\/span><\/a><\/p>\n","protected":false},"author":1,"featured_media":0,"comment_status":"open","ping_status":"open","sticky":false,"template":"","format":"standard","meta":{"footnotes":""},"categories":[12,15,9],"tags":[],"class_list":["post-5535","post","type-post","status-publish","format-standard","hentry","category-politik","category-sonstiges","category-die-deutsche-sprache"],"_links":{"self":[{"href":"http:\/\/antibarbarus.de\/index.php?rest_route=\/wp\/v2\/posts\/5535","targetHints":{"allow":["GET"]}}],"collection":[{"href":"http:\/\/antibarbarus.de\/index.php?rest_route=\/wp\/v2\/posts"}],"about":[{"href":"http:\/\/antibarbarus.de\/index.php?rest_route=\/wp\/v2\/types\/post"}],"author":[{"embeddable":true,"href":"http:\/\/antibarbarus.de\/index.php?rest_route=\/wp\/v2\/users\/1"}],"replies":[{"embeddable":true,"href":"http:\/\/antibarbarus.de\/index.php?rest_route=%2Fwp%2Fv2%2Fcomments&post=5535"}],"version-history":[{"count":8,"href":"http:\/\/antibarbarus.de\/index.php?rest_route=\/wp\/v2\/posts\/5535\/revisions"}],"predecessor-version":[{"id":5543,"href":"http:\/\/antibarbarus.de\/index.php?rest_route=\/wp\/v2\/posts\/5535\/revisions\/5543"}],"wp:attachment":[{"href":"http:\/\/antibarbarus.de\/index.php?rest_route=%2Fwp%2Fv2%2Fmedia&parent=5535"}],"wp:term":[{"taxonomy":"category","embeddable":true,"href":"http:\/\/antibarbarus.de\/index.php?rest_route=%2Fwp%2Fv2%2Fcategories&post=5535"},{"taxonomy":"post_tag","embeddable":true,"href":"http:\/\/antibarbarus.de\/index.php?rest_route=%2Fwp%2Fv2%2Ftags&post=5535"}],"curies":[{"name":"wp","href":"https:\/\/api.w.org\/{rel}","templated":true}]}}