{"id":5134,"date":"2012-04-19T18:01:52","date_gmt":"2012-04-19T16:01:52","guid":{"rendered":"http:\/\/antibarbarus.de\/?p=5134"},"modified":"2012-04-19T18:01:52","modified_gmt":"2012-04-19T16:01:52","slug":"volker-kauder-der-letzte-kreuzritter","status":"publish","type":"post","link":"http:\/\/antibarbarus.de\/?p=5134","title":{"rendered":"Volker Kauder &#8211; der letzte Kreuzritter?"},"content":{"rendered":"<p>Es ist oft kaum ertr\u00e4glich, wie sich Gr\u00fcne, Linke und die SPD an den Islam anbiedern.<\/p>\n<p>Da hat Volker Kauder etwas v\u00f6llig Selbstverst\u00e4ndliches gesagt: da\u00df n\u00e4mlich der Islam <em>nicht<\/em> zu Europa geh\u00f6rt. Man mu\u00df schon sehr dumm oder sehr b\u00f6swillig sein, um diesem Satz zu widersprechen. Ich jedenfalls danke Gott, da\u00df die T\u00fcrken 1683 vor Wien verloren haben. &#8222;Die T\u00fcrken vor Wien&#8220; &#8211; das war damals ein Schreckensruf in ganz Europa. Aber Trittin und K\u00fcnast h\u00e4tten wahrscheinlich die Tore weit ge\u00f6ffnet.<\/p>\n<p>Schauen wir uns einmal an, was die guten Menschen von 2012 zu Volker Kauder zu sagen haben. Thomas Oppermann (SPD) nimmt die einf\u00e4ltige Position mancher t\u00fcrkischer Muslime sogar sprachlich auf und nennt Kauder den &#8222;letzten Kreuzritter der Union&#8220;. Kenan Kolat (SPD), der immer noch den t\u00fcrkischen V\u00f6lkermord an den Armeniern leugnet (&#8222;unzureichend und einseitig behandelt&#8220;) und auch sonst viel Schwachsinn von sich gibt, sagt zu Kauders Satz: &#8222;Jeder darf Schwachsinn erz\u00e4hlen in diesem Land.&#8220; Cem \u00d6zdemir spricht von einem &#8222;befremdlichen Weltbild&#8220; Kauders und f\u00fcgt hinzu: &#8222;Volker Kauder macht einen auf Kulturkampf.&#8220; Seine Parteifreundin Claudia Roth meint, Kauders &#8222;Ausf\u00e4lle&#8220; seien &#8222;besch\u00e4mend und kaum zu ertragen&#8220;.<\/p>\n<p>Ich aber bin, mit Verlaub, gerade der entgegengesetzten Ansicht &#8211; ich finde n\u00e4mlich diese dummen, reflexhaften \u00c4u\u00dferungen der &#8222;fortschrittlichen&#8220;, gr\u00fcnlinken Berufspolitiker &#8222;besch\u00e4mend und kaum zu ertragen&#8220;. Vielleicht haben sie ja in der Schule immer gefehlt, wenn Geschichte auf dem Lehrplan stand &#8211; oder sie waren auf Schulen die, wie hier in Hessen, statt Geschichte nur noch &#8222;Gemeinschaftskunde&#8220; unterrichtet haben. Europa hat jedenfalls \u00fcber Jahrhunderte hinweg seine Identit\u00e4t gerade in der Auseinandersetzung mit dem aggressiven Islam gefunden und bewahrt. Es besteht also wirklich kein Grund, sich einer Religion anzubiedern, die sich starrsinnig weigert, den Kampf gegen die archaischen und m\u00f6rderischen Fraktionen in den eigenen Reihen auch nur aufzunehmen.<\/p>\n<p>Wenn es um eine wehrhafte Demokratie geht, die den Grundbestand ihrer Freiheit sch\u00fctzen will, kann man sich &#8211; leider! &#8211; inzwischen auf alles, was links, gr\u00fcn oder rot ist, am wenigsten verlassen. Da ist mir Volker Kauder, auch wenn ich wirklich nicht mit allem \u00fcbereinstimme, was er so sagt, entschieden lieber!<\/p>\n","protected":false},"excerpt":{"rendered":"<p>Es ist oft kaum ertr\u00e4glich, wie sich Gr\u00fcne, Linke und die SPD an den Islam anbiedern. Da hat Volker Kauder etwas v\u00f6llig Selbstverst\u00e4ndliches gesagt: da\u00df n\u00e4mlich der Islam nicht zu Europa geh\u00f6rt. Man mu\u00df schon sehr dumm oder sehr b\u00f6swillig &hellip; <a href=\"http:\/\/antibarbarus.de\/?p=5134\">Weiterlesen <span class=\"meta-nav\">&rarr;<\/span><\/a><\/p>\n","protected":false},"author":1,"featured_media":0,"comment_status":"open","ping_status":"open","sticky":false,"template":"","format":"standard","meta":{"footnotes":""},"categories":[5,12],"tags":[],"class_list":["post-5134","post","type-post","status-publish","format-standard","hentry","category-islam","category-politik"],"_links":{"self":[{"href":"http:\/\/antibarbarus.de\/index.php?rest_route=\/wp\/v2\/posts\/5134","targetHints":{"allow":["GET"]}}],"collection":[{"href":"http:\/\/antibarbarus.de\/index.php?rest_route=\/wp\/v2\/posts"}],"about":[{"href":"http:\/\/antibarbarus.de\/index.php?rest_route=\/wp\/v2\/types\/post"}],"author":[{"embeddable":true,"href":"http:\/\/antibarbarus.de\/index.php?rest_route=\/wp\/v2\/users\/1"}],"replies":[{"embeddable":true,"href":"http:\/\/antibarbarus.de\/index.php?rest_route=%2Fwp%2Fv2%2Fcomments&post=5134"}],"version-history":[{"count":2,"href":"http:\/\/antibarbarus.de\/index.php?rest_route=\/wp\/v2\/posts\/5134\/revisions"}],"predecessor-version":[{"id":5136,"href":"http:\/\/antibarbarus.de\/index.php?rest_route=\/wp\/v2\/posts\/5134\/revisions\/5136"}],"wp:attachment":[{"href":"http:\/\/antibarbarus.de\/index.php?rest_route=%2Fwp%2Fv2%2Fmedia&parent=5134"}],"wp:term":[{"taxonomy":"category","embeddable":true,"href":"http:\/\/antibarbarus.de\/index.php?rest_route=%2Fwp%2Fv2%2Fcategories&post=5134"},{"taxonomy":"post_tag","embeddable":true,"href":"http:\/\/antibarbarus.de\/index.php?rest_route=%2Fwp%2Fv2%2Ftags&post=5134"}],"curies":[{"name":"wp","href":"https:\/\/api.w.org\/{rel}","templated":true}]}}