{"id":5127,"date":"2012-04-20T00:21:27","date_gmt":"2012-04-19T22:21:27","guid":{"rendered":"http:\/\/antibarbarus.de\/?p=5127"},"modified":"2012-04-20T00:21:27","modified_gmt":"2012-04-19T22:21:27","slug":"brussel-bald-eine-islamische-stadt","status":"publish","type":"post","link":"http:\/\/antibarbarus.de\/?p=5127","title":{"rendered":"Br\u00fcssel &#8211; bald eine islamische Stadt?"},"content":{"rendered":"<p>Aus Br\u00fcssel, der inoffiziellen Hauptstadt Europas, kommen beunruhigende Nachrichten (<a title=\"hier\" href=\"http:\/\/www.bruessel-gui.de\/bruessel\/geschichte.html\">hier<\/a> nachzulesen):<\/p>\n<blockquote><p>Laut der Katholischen Universit\u00e4t Leuven sind im Jahr 2008 25,5% der Br\u00fcsseler Muslime (Belgien: 6%). 57% der Neugeborenen sind Kinder muslimischer Eltern, und Mohammed ist seit 2001 der h\u00e4ufigste Vorname f\u00fcr m\u00e4nnliche Neugeborene. Die Einwohnerzahl Br\u00fcssels steigt j\u00e4hrlich um etwa 10-20.000, wobei auch ein Austausch der Bev\u00f6lkerung stattfindet. Laut der Universit\u00e4t Leuven wird Br\u00fcssel sp\u00e4testens im Jahr 2025 eine muslimische Mehrheit haben.<br \/>\nBesonders die jungen Muslime wenden sich immer st\u00e4rker dem Islam zu, was schwere Probleme beim Zusammenleben mit Nichtmuslimen in einer Stadt zur Folge hat.<\/p><\/blockquote>\n<p>Die Sch\u00e4tzungen dar\u00fcber, wann Br\u00fcssel eine mehrheitlich islamische Stadt sein wird, schwanken zwischen 2025 und 2030 &#8211; eine Zahl so bedenklich wie die andere. Denn es ist ja keineswegs so, wie es uns die gr\u00fcnlinken Ideologen weismachen wollen, da\u00df da nur ein weiterer bunter Fleck im kulturellen Flickerlteppich dazukommt &#8211; sch\u00f6n w\u00e4r&#8217;s! Es gibt inzwischen in Br\u00fcssel Stadtviertel, z.B. Molenbeek und Anderlecht, in die sich die Polizei kaum mehr hineintraut &#8211; hier beherrschen marokkanische Gangs die Stra\u00dfen. Wer die englischen Zust\u00e4nde kennt, wei\u00df, da\u00df es dort vielerorts nicht viel anders zugeht.<\/p>\n<p>Die Mehrheit der Muslime ist sicher auch in Belgien friedlich, aber diese schweigende muslimische Mehrheit ist dort wie fast \u00fcberall von einer unbegreiflichen Lethargie. Es ist, als h\u00e4tten sie gar kein Interesse an unserem Liberalismus, unserer Demokratie, unserer Freiheit &#8211; die doch auch sie genie\u00dfen! In keinem islamischen Land h\u00e4tten sie auch nur einen Bruchteil von unseren Freiheiten, aber sie leben dahin, als ginge sie das alles nichts an.<\/p>\n<p>Die Radikalen aber in ihren Reihen wissen genau, was sie wollen &#8211; ein anderes Belgien, ein anderes Europa. Wie kann man das verhindern?<\/p>\n<p>Zuerst einmal: wir selbst m\u00fcssen uns immer wieder klarmachen, wie kostbar unsere Freiheit, unsere Liberalit\u00e4t ist. Wir haben sie n\u00e4mlich nicht geschenkt bekommen &#8211; unsere Vorfahren haben sie erk\u00e4mpft, und es hat in Europa Jahrhunderte gedauert (und viele Opfer gekostet!), bis eine echte freiheitliche Demokratie erstritten war. Und diese Freiheit ist, auch wenn die Geschichte von Freiheit und Christentum voller Widerspr\u00fcche ist, christlich gegr\u00fcndet. Ich mu\u00df dazu nicht einmal Luthers Schrift <em>Von der Freiheit eines Christenmenschen<\/em> erw\u00e4hnen &#8211; die ganze Entstehungsgeschichte des christlichen Glaubens ist, schon durch die postulierte Gott\u00e4hnlichkeit des Menschen, auf die Menschenw\u00fcrde <em>aller Menschen<\/em> ausgerichtet, und nicht nur auf die Kinder einer j\u00fcdischen Mutter (wie im Judentum) oder auf die Mitglieder der Umma (wie im Islam). Das Christentum hat, zumindest seit der Missionst\u00e4tigkeit des Paulus, alle nationalen und kulturellen Schranken aufgehoben und so die Anerkennung allgemeiner, also f\u00fcr <em>jeden<\/em> Menschen g\u00fcltiger Rechte erst m\u00f6glich gemacht.<\/p>\n<p>Es hat zwar &#8211; niemand kann das leugnen &#8211; Jahrhunderte der Verirrung und der Abweichung von diesem Weg gegeben, aber das ist gottlob nur noch Geschichte.<\/p>\n<p>Wer etwa das 20. Jahrhundert betrachtet, wird leicht feststellen k\u00f6nnen, da\u00df gerade die <em>gottlosen<\/em>, also atheistisch ausgerichteten L\u00e4nder und Regime (Hitlers Nationalsozialismus, Stalins Sowjetunion, Maos China, Pol Pots Kambodscha) Verbrechen von einem fast unvorstellbarem Ausma\u00df begangen haben. Der geistig schlichte Atheismus, wie er jetzt im Gefolge von Dawkins die einfacheren Geister auch in Deutschland ergreift (nicht zu vergleichen etwa mit den religionskritischen Debatten des 19. Jahrhunderts!), setzt sich mit solchen Tatsachen kaum auseinander. Er w\u00e4re auch rational leicht zu widerlegen &#8211; wenn er sich nicht, wie alle Sekten und Ideologien, gegen vern\u00fcnftige Argumente abschotten w\u00fcrde.<\/p>\n<p>Eine Besinnung auf unsere europ\u00e4ischen Wurzeln und unsere geistigen Errungenschaften ist also dringend n\u00f6tig. Genauso wichtig ist aber, da\u00df wir diesen Grundbestand unserer Kultur ein f\u00fcr allemal rechtlich absichern. Wir haben in unserem (wirklich guten!) Grundgesetz daf\u00fcr gesorgt, da\u00df niemand die Grundrechte &#8222;zum Kampfe gegen die freiheitliche demokratische Grundordnung&#8220; (Art. 18 GG) mi\u00dfbrauchen darf. Andere L\u00e4nder haben einen solchen Artikel offenbar nicht in ihrer Verfassung, oder sie wenden ihn nicht an. Hier besteht ein gro\u00dfer Nachholbedarf.<\/p>\n<p>Vor allem auf europ\u00e4ischer Ebene m\u00fc\u00dfte rechtlich &#8211; und f\u00fcr alle EU-Mitglieder verbindlich! &#8211; abgesichert werden, da\u00df auch eine Mehrheit unter keinen Umst\u00e4nden den Grundbestand unserer freiheitlichen Demokratien antasten darf. Wenn also islamistische Gruppierungen in Br\u00fcssel, London oder wo auch immer aus demographischen Gr\u00fcnden zu einer Mehrheit heranwachsen, dann m\u00fcssen sie rechtlich verpflichtet sein, sich an den Schutz dieses freiheitlichen Fundaments zu halten.<\/p>\n<p>Unser Grundgesetz ist in diesem Punkt, wie gesagt, erfreulich eindeutig. Es k\u00f6nnte &#8211; und sollte! &#8211; zu einem Modell f\u00fcr ganz Europa werden. Die Br\u00fcsseler B\u00fcrokraten &#8211; wenn sie denn \u00fcberhaupt einmal die besseren Viertel ihrer Stadt verlassen und sich der Wirklichkeit der Welt zuwenden &#8211; m\u00fc\u00dften eigentlich zugeben, da\u00df es im Leben Wichtigeres gibt als den Kr\u00fcmmungsgrad der Banane.<\/p>\n","protected":false},"excerpt":{"rendered":"<p>Aus Br\u00fcssel, der inoffiziellen Hauptstadt Europas, kommen beunruhigende Nachrichten (hier nachzulesen): Laut der Katholischen Universit\u00e4t Leuven sind im Jahr 2008 25,5% der Br\u00fcsseler Muslime (Belgien: 6%). 57% der Neugeborenen sind Kinder muslimischer Eltern, und Mohammed ist seit 2001 der h\u00e4ufigste &hellip; <a href=\"http:\/\/antibarbarus.de\/?p=5127\">Weiterlesen <span class=\"meta-nav\">&rarr;<\/span><\/a><\/p>\n","protected":false},"author":1,"featured_media":0,"comment_status":"open","ping_status":"open","sticky":false,"template":"","format":"standard","meta":{"footnotes":""},"categories":[1],"tags":[],"class_list":["post-5127","post","type-post","status-publish","format-standard","hentry","category-uncategorized"],"_links":{"self":[{"href":"http:\/\/antibarbarus.de\/index.php?rest_route=\/wp\/v2\/posts\/5127","targetHints":{"allow":["GET"]}}],"collection":[{"href":"http:\/\/antibarbarus.de\/index.php?rest_route=\/wp\/v2\/posts"}],"about":[{"href":"http:\/\/antibarbarus.de\/index.php?rest_route=\/wp\/v2\/types\/post"}],"author":[{"embeddable":true,"href":"http:\/\/antibarbarus.de\/index.php?rest_route=\/wp\/v2\/users\/1"}],"replies":[{"embeddable":true,"href":"http:\/\/antibarbarus.de\/index.php?rest_route=%2Fwp%2Fv2%2Fcomments&post=5127"}],"version-history":[{"count":8,"href":"http:\/\/antibarbarus.de\/index.php?rest_route=\/wp\/v2\/posts\/5127\/revisions"}],"predecessor-version":[{"id":5138,"href":"http:\/\/antibarbarus.de\/index.php?rest_route=\/wp\/v2\/posts\/5127\/revisions\/5138"}],"wp:attachment":[{"href":"http:\/\/antibarbarus.de\/index.php?rest_route=%2Fwp%2Fv2%2Fmedia&parent=5127"}],"wp:term":[{"taxonomy":"category","embeddable":true,"href":"http:\/\/antibarbarus.de\/index.php?rest_route=%2Fwp%2Fv2%2Fcategories&post=5127"},{"taxonomy":"post_tag","embeddable":true,"href":"http:\/\/antibarbarus.de\/index.php?rest_route=%2Fwp%2Fv2%2Ftags&post=5127"}],"curies":[{"name":"wp","href":"https:\/\/api.w.org\/{rel}","templated":true}]}}