{"id":4864,"date":"2012-03-29T17:27:03","date_gmt":"2012-03-29T15:27:03","guid":{"rendered":"http:\/\/antibarbarus.de\/?p=4864"},"modified":"2012-03-29T21:55:40","modified_gmt":"2012-03-29T19:55:40","slug":"fdp-besteht-auf-kundigung-von-11-200-schlecker-mitarbeitern","status":"publish","type":"post","link":"http:\/\/antibarbarus.de\/?p=4864","title":{"rendered":"FDP besteht auf K\u00fcndigung von 11.200 Schlecker-Mitarbeitern"},"content":{"rendered":"<div id=\"attachment_4867\" style=\"width: 310px\" class=\"wp-caption aligncenter\"><a href=\"http:\/\/antibarbarus.de\/wp-content\/uploads\/2012\/03\/Martin-Zeil1.jpg\"><img loading=\"lazy\" decoding=\"async\" aria-describedby=\"caption-attachment-4867\" class=\"size-medium wp-image-4867\" title=\"Martin Zeil#\" src=\"http:\/\/antibarbarus.de\/wp-content\/uploads\/2012\/03\/Martin-Zeil1-300x223.jpg\" alt=\"\" width=\"300\" height=\"223\" srcset=\"http:\/\/antibarbarus.de\/wp-content\/uploads\/2012\/03\/Martin-Zeil1-300x223.jpg 300w, http:\/\/antibarbarus.de\/wp-content\/uploads\/2012\/03\/Martin-Zeil1.jpg 850w\" sizes=\"auto, (max-width: 300px) 100vw, 300px\" \/><\/a><p id=\"caption-attachment-4867\" class=\"wp-caption-text\">Martin Zeil (Foto von Michael Lucan, der Wikipedia entnommen)<\/p><\/div>\n<p>Dieser freundliche winkende Mensch ist Wirtschaftsminister in Bayern. Er hei\u00dft Martin Zeil und geh\u00f6rt der FDP an. Lange war er Gemeinderatsmitglied und Zweiter B\u00fcrgermeister in Gauting am Starnberger See &#8211; eine Gegend, in der die Mitarbeiterinnen von Schlecker normalerweise nicht wohnen. Hier wohnt eher FDP- und CSU-Klientel.<\/p>\n<p>Mit seinem Einspruch (<a title=\"hier\" href=\"http:\/\/www.sueddeutsche.de\/wirtschaft\/insolvente-drogeriekette-verhandlungen-ueber-schlecker-hilfen-sind-gescheitert-1.1321150\">hier<\/a> nachzulesen) hat Zeil jetzt verhindert, da\u00df eine Transfergesellschaft gebildet wird, um den vielen Schlecker-Frauen wenigstens ein paar Monate zu g\u00f6nnen, damit sie sich eine neue Stelle suchen und evtl. weiterqualifizieren k\u00f6nnen. Und die ganzen volkst\u00fcmlichen Helden der CSU, Seehofer, S\u00f6der usw.? Gerade noch haben sie sich auf dem Nockherberg feiern lassen, aber die Koalition &#8211; also der Machterhalt! &#8211; ist ihnen wichtiger als das Schicksal von \u00fcber 11.000 Menschen.<\/p>\n<p>Eine Partei, die es in der letzten Landtagswahl (im Saarland) gerademal auf 1,2 % der Stimmen geschafft hat, entscheidet jetzt \u00fcber die Existenz von 11.200 Menschen &#8211; und wieviele Kinder, Ehem\u00e4nner usw. sind davon mitbetroffen? Die Zahl ist in Wirklichkeit ja noch viel, viel gr\u00f6\u00dfer.<\/p>\n<p>Der ewig in jede Kamera grinsende Seehofer ist als Ministerpr\u00e4sident f\u00fcr dieses Fiasko letztlich verantwortlich &#8211; man kann eine Koalition n\u00e4mlich auch platzen lassen, wenn eine fast schon nicht mehr vorhandene Partei so unsoziale Entscheidungen provoziert.<\/p>\n<p>Seehofer wird &#8211; hoffentlich! &#8211; vom bayerischen W\u00e4hler die Quittung daf\u00fcr bekommen.<\/p>\n<p>Und Philipp R\u00f6sler, der Bundesvorsitzende der FDP?<\/p>\n<p>Auf <a title=\"Spiegel Online\" href=\"http:\/\/www.spiegel.de\/politik\/deutschland\/0,1518,824610,00.html\">Spiegel Online<\/a> hei\u00dft es:<\/p>\n<blockquote><p>R\u00f6sler sieht in der Entscheidung einen Beleg f\u00fcr die wirtschaftspolitische Prinzipientreue seiner Partei. Es sei nicht Aufgabe des Staates, f\u00fcr Transfergesellschaften zu sorgen, betonte R\u00f6sler. Er habe &#8222;ordnungspolitisch darauf hingewiesen&#8220;, dass es &#8222;viel schneller und viel einfacher&#8220; f\u00fcr die Besch\u00e4ftigten von Schlecker gewesen w\u00e4re, auf die Bundesagentur f\u00fcr Arbeit zur\u00fcckzugreifen. Sie habe die Instrumente, die M\u00f6glichkeiten und das Fachwissen. Die Arbeitsmarktsituation im Einzelhandel sei sehr gut.<\/p><\/blockquote>\n<p>Hoffen wir nur, da\u00df auch R\u00f6sler bald dem Arbeitsmarkt zur Verf\u00fcgung steht.<\/p>\n<p>Eine solche Kaltschn\u00e4uzigkeit, eine solche soziale K\u00e4lte hat es in Deutschland schon lange nicht mehr gegeben.<\/p>\n","protected":false},"excerpt":{"rendered":"<p>Dieser freundliche winkende Mensch ist Wirtschaftsminister in Bayern. Er hei\u00dft Martin Zeil und geh\u00f6rt der FDP an. Lange war er Gemeinderatsmitglied und Zweiter B\u00fcrgermeister in Gauting am Starnberger See &#8211; eine Gegend, in der die Mitarbeiterinnen von Schlecker normalerweise nicht &hellip; <a href=\"http:\/\/antibarbarus.de\/?p=4864\">Weiterlesen <span class=\"meta-nav\">&rarr;<\/span><\/a><\/p>\n","protected":false},"author":1,"featured_media":0,"comment_status":"open","ping_status":"open","sticky":false,"template":"","format":"standard","meta":{"footnotes":""},"categories":[12],"tags":[],"class_list":["post-4864","post","type-post","status-publish","format-standard","hentry","category-politik"],"_links":{"self":[{"href":"http:\/\/antibarbarus.de\/index.php?rest_route=\/wp\/v2\/posts\/4864","targetHints":{"allow":["GET"]}}],"collection":[{"href":"http:\/\/antibarbarus.de\/index.php?rest_route=\/wp\/v2\/posts"}],"about":[{"href":"http:\/\/antibarbarus.de\/index.php?rest_route=\/wp\/v2\/types\/post"}],"author":[{"embeddable":true,"href":"http:\/\/antibarbarus.de\/index.php?rest_route=\/wp\/v2\/users\/1"}],"replies":[{"embeddable":true,"href":"http:\/\/antibarbarus.de\/index.php?rest_route=%2Fwp%2Fv2%2Fcomments&post=4864"}],"version-history":[{"count":11,"href":"http:\/\/antibarbarus.de\/index.php?rest_route=\/wp\/v2\/posts\/4864\/revisions"}],"predecessor-version":[{"id":4880,"href":"http:\/\/antibarbarus.de\/index.php?rest_route=\/wp\/v2\/posts\/4864\/revisions\/4880"}],"wp:attachment":[{"href":"http:\/\/antibarbarus.de\/index.php?rest_route=%2Fwp%2Fv2%2Fmedia&parent=4864"}],"wp:term":[{"taxonomy":"category","embeddable":true,"href":"http:\/\/antibarbarus.de\/index.php?rest_route=%2Fwp%2Fv2%2Fcategories&post=4864"},{"taxonomy":"post_tag","embeddable":true,"href":"http:\/\/antibarbarus.de\/index.php?rest_route=%2Fwp%2Fv2%2Ftags&post=4864"}],"curies":[{"name":"wp","href":"https:\/\/api.w.org\/{rel}","templated":true}]}}