{"id":4817,"date":"2012-03-27T00:55:14","date_gmt":"2012-03-26T22:55:14","guid":{"rendered":"http:\/\/antibarbarus.de\/?p=4817"},"modified":"2012-03-27T08:29:11","modified_gmt":"2012-03-27T06:29:11","slug":"der-unaufhaltsame-aufstieg-des-gros-philosophen-richard-david-precht","status":"publish","type":"post","link":"http:\/\/antibarbarus.de\/?p=4817","title":{"rendered":"Der unaufhaltsame Aufstieg des Philosophen Richard David Precht"},"content":{"rendered":"<p>Sloterdijk und Safranski m\u00fcssen gehen, das &#8222;Philosophische Quartett&#8220; des ZDF wird eingestellt &#8211; schon zum Mai 2012. Das Format, soll man den v\u00f6llig \u00fcberraschten Moderatoren gesagt haben, sei &#8222;auserz\u00e4hlt&#8220;.<\/p>\n<p>Das ist eine schlechte Nachricht.<\/p>\n<p>Nat\u00fcrlich waren die einzelnen Folgen von unterschiedlicher Qualit\u00e4t, aber das &#8222;Quartett&#8220; war eine der wenigen Sendungen im Fernsehen, in denen wirklich <em>philosophiert<\/em> wurde.<\/p>\n<p>In den \u00f6ffentlich-rechtlichen Sendern ist es \u00fcblich, da\u00df man den Hinausgeworfenen zusammen mit einem kr\u00e4ftigen Fu\u00dftritt auch ein scheinheiliges Lob vorheuchelt. Also spricht Peter Arens, der wahrhaftig &#8222;Leiter der Kultur und Wissenschaft im ZDF&#8220; genannt wird (<a title=\"hier\" href=\"http:\/\/www.zeit.de\/kultur\/film\/2012-03\/sendung-philosophisches-quartett\">hier<\/a> nachzulesen): das Philosophische Quartett sei eine &#8222;unverwechselbare Marke im Kulturfernsehen&#8220; gewesen (also auf einer Ebene mit Tempo, Nivea und Persil!), aber &#8211; und jetzt kommt nach der Heuchelei der wahre Grund zum Vorschein:<\/p>\n<blockquote><p>Es ist nun aber doch die Zeit gekommen, dass wir im Zeichen des Wandels im ZDF nach zehn Jahren neue Wege gehen wollen.<\/p><\/blockquote>\n<p>Thomas Bellut, der frischgew\u00e4hlte ZDF-Intendant, hatte die neue Linie schon vorher angek\u00fcndigt:<\/p>\n<blockquote><p>Die Zielgruppe des ZDF ist die ganze Gesellschaft. Deshalb m\u00fcssen wir mit unserem Programm verst\u00e4rkt j\u00fcngere Zuschauer erreichen.<\/p><\/blockquote>\n<p>Man kann dieses Marketing-Geschw\u00e4tz des Intendanten folgenderma\u00dfen in ein f\u00fcr alle verst\u00e4ndliches Deutsch \u00fcbersetzen:<\/p>\n<blockquote><p>Das Programm des ZDF ist mir noch immer nicht seicht genug. Wir sind unerm\u00fcdlich damit besch\u00e4ftigt, alle Sendungen mit hohem Niveau in die tiefe Nacht zu verlegen &#8211; oder gleich ganz einzustellen. Da geht es nicht an, da\u00df in meinem Sender vor Mitternacht eine Sendung l\u00e4uft, der ich selbst nicht folgen kann.<\/p><\/blockquote>\n<p>Ja, und was macht man da?<\/p>\n<p>A bisserl Philosophie m\u00f6cht&#8216; schon sein &#8211; aber bittsch\u00f6n, ganz gem\u00fctlich und ohne gro\u00dfen Tiefgang. Und fesch mu\u00df er sein, der Herr Philosoph. Nicht so ein alter Sack wie der Sloterdijk.<\/p>\n<p>Da kann es nur einen geben.<\/p>\n<p>Sein Name ist Precht, Richard David Precht. Mit der Lizenz zum Schwafeln.<\/p>\n","protected":false},"excerpt":{"rendered":"<p>Sloterdijk und Safranski m\u00fcssen gehen, das &#8222;Philosophische Quartett&#8220; des ZDF wird eingestellt &#8211; schon zum Mai 2012. Das Format, soll man den v\u00f6llig \u00fcberraschten Moderatoren gesagt haben, sei &#8222;auserz\u00e4hlt&#8220;. Das ist eine schlechte Nachricht. Nat\u00fcrlich waren die einzelnen Folgen von &hellip; <a href=\"http:\/\/antibarbarus.de\/?p=4817\">Weiterlesen <span class=\"meta-nav\">&rarr;<\/span><\/a><\/p>\n","protected":false},"author":1,"featured_media":0,"comment_status":"open","ping_status":"open","sticky":false,"template":"","format":"standard","meta":{"footnotes":""},"categories":[11,16],"tags":[],"class_list":["post-4817","post","type-post","status-publish","format-standard","hentry","category-fernsehen","category-philosophie"],"_links":{"self":[{"href":"http:\/\/antibarbarus.de\/index.php?rest_route=\/wp\/v2\/posts\/4817","targetHints":{"allow":["GET"]}}],"collection":[{"href":"http:\/\/antibarbarus.de\/index.php?rest_route=\/wp\/v2\/posts"}],"about":[{"href":"http:\/\/antibarbarus.de\/index.php?rest_route=\/wp\/v2\/types\/post"}],"author":[{"embeddable":true,"href":"http:\/\/antibarbarus.de\/index.php?rest_route=\/wp\/v2\/users\/1"}],"replies":[{"embeddable":true,"href":"http:\/\/antibarbarus.de\/index.php?rest_route=%2Fwp%2Fv2%2Fcomments&post=4817"}],"version-history":[{"count":14,"href":"http:\/\/antibarbarus.de\/index.php?rest_route=\/wp\/v2\/posts\/4817\/revisions"}],"predecessor-version":[{"id":4827,"href":"http:\/\/antibarbarus.de\/index.php?rest_route=\/wp\/v2\/posts\/4817\/revisions\/4827"}],"wp:attachment":[{"href":"http:\/\/antibarbarus.de\/index.php?rest_route=%2Fwp%2Fv2%2Fmedia&parent=4817"}],"wp:term":[{"taxonomy":"category","embeddable":true,"href":"http:\/\/antibarbarus.de\/index.php?rest_route=%2Fwp%2Fv2%2Fcategories&post=4817"},{"taxonomy":"post_tag","embeddable":true,"href":"http:\/\/antibarbarus.de\/index.php?rest_route=%2Fwp%2Fv2%2Ftags&post=4817"}],"curies":[{"name":"wp","href":"https:\/\/api.w.org\/{rel}","templated":true}]}}