{"id":4247,"date":"2012-02-17T12:38:13","date_gmt":"2012-02-17T11:38:13","guid":{"rendered":"http:\/\/antibarbarus.de\/?p=4247"},"modified":"2012-02-17T19:35:48","modified_gmt":"2012-02-17T18:35:48","slug":"wulff-geht-und-muttis-stern-sinkt-weiter","status":"publish","type":"post","link":"http:\/\/antibarbarus.de\/?p=4247","title":{"rendered":"Wulff geht &#8211; und Muttis Stern sinkt weiter"},"content":{"rendered":"<p>Angela Merkel hat viele Jahre lang ein seltenes politisches Gesp\u00fcr bewiesen. Als &#8222;Kohls M\u00e4dchen&#8220; bel\u00e4chelt, hat sie &#8211; ohne \u00f6ffentliches Aufbegehren gegen ihren Mentor &#8211; im Stillen ihren Aufstieg vorbereitet: mit Erfolg. Nach ihrer Wahl zur Bundeskanzlerin im Jahr 2005 ist es ihr gelungen, praktisch jeden innerparteilichen Konkurrenten wegzuloben. Nur der nieders\u00e4chsisches Ministerpr\u00e4sident Christian Wulff war noch \u00fcbrig. Deshalb mu\u00dfte er auf Biegen und Brechen zum Bundespr\u00e4sidenten gemacht werden.<\/p>\n<p>Jetzt ist Wulff zur\u00fcckgetreten &#8211; viel zu sp\u00e4t, aber immerhin: er hat sich nicht wie der Duisburger Oberb\u00fcrgermeister Sauerland bis zur allerletzten Minute ans Amt geklammert.<\/p>\n<p>Auch wenn die Popularit\u00e4t der Kanzlerin in den letzten Tagen wieder leicht angestiegen ist: ihr Stern sinkt. Das liegt vor allem an ihr selbst. Es scheint, als habe sie immer weniger Gesp\u00fcr f\u00fcr die richtigen Entscheidungen. Schon die Erwartung, mit der FDP &#8211; mit <em>dieser<\/em> FDP! &#8211; k\u00f6nne man langfristig eine gemeinsame Politik betreiben, war irrig. Westerwelle, R\u00f6sler, Lindner usw. &#8211; das sind politische Leichtgewichte, die inzwischen zu Lachnummern geworden sind. War das nicht vorauszusehen?<\/p>\n<p>Ihr schwerster Fehler aber war, da\u00df sie Christian Wulff zum Bundespr\u00e4sidenten gemacht hat. Hier hat sie eine machtpolitische &#8211; und eine erschreckend falsche Entscheidung getroffen. Denn mit Joachim Gauck hat ein integrer, kluger Kandidat zur Verf\u00fcgung gestanden, der fast so etwas wie ein Idealkandidat war. Er h\u00e4tte zur Vers\u00f6hnung der noch immer starken wirtschaftlichen, aber vor allem auch mentalen Unterschiede zwischen West- und Ostdeutschland beitragen k\u00f6nnen, und gleichzeitig &#8211; ach, so viele Konjunktive! &#8211; h\u00e4tte er helfen k\u00f6nnen, die oft ver\u00e4chtliche Meinung, die wir, leider in vielen F\u00e4llen berechtigt, von unserer politischen Klasse haben, wenigstens ein bi\u00dfchen zu korrigieren. Da\u00df sie ihren &#8222;Parteisoldaten&#8220; Wulff gegen jede Vernunft einem so hochkar\u00e4tigen und menschlich integren Kandidaten vorgezogen hat, zeigt ihre Grenzen.<\/p>\n<p>Jetzt wird auch die FDP, die in der Koalition mit der CDU keine Chance hat, auf einen gr\u00fcnen Zweig zu kommen, ihren &#8222;R\u00fccktritt&#8220; aus dem gescheiterten B\u00fcndnis strategisch vorbereiten, denn mit Angela Merkel &#8211; das steht fest &#8211; wird sie die F\u00fcnfprozenth\u00fcrde nicht mehr \u00fcberschreiten k\u00f6nnen.<\/p>\n<p>Es werden also auf jeden Fall politisch turbulente Monate auf uns zukommen.<\/p>\n","protected":false},"excerpt":{"rendered":"<p>Angela Merkel hat viele Jahre lang ein seltenes politisches Gesp\u00fcr bewiesen. Als &#8222;Kohls M\u00e4dchen&#8220; bel\u00e4chelt, hat sie &#8211; ohne \u00f6ffentliches Aufbegehren gegen ihren Mentor &#8211; im Stillen ihren Aufstieg vorbereitet: mit Erfolg. Nach ihrer Wahl zur Bundeskanzlerin im Jahr 2005 &hellip; <a href=\"http:\/\/antibarbarus.de\/?p=4247\">Weiterlesen <span class=\"meta-nav\">&rarr;<\/span><\/a><\/p>\n","protected":false},"author":1,"featured_media":0,"comment_status":"open","ping_status":"open","sticky":false,"template":"","format":"standard","meta":{"footnotes":""},"categories":[12],"tags":[],"class_list":["post-4247","post","type-post","status-publish","format-standard","hentry","category-politik"],"_links":{"self":[{"href":"http:\/\/antibarbarus.de\/index.php?rest_route=\/wp\/v2\/posts\/4247","targetHints":{"allow":["GET"]}}],"collection":[{"href":"http:\/\/antibarbarus.de\/index.php?rest_route=\/wp\/v2\/posts"}],"about":[{"href":"http:\/\/antibarbarus.de\/index.php?rest_route=\/wp\/v2\/types\/post"}],"author":[{"embeddable":true,"href":"http:\/\/antibarbarus.de\/index.php?rest_route=\/wp\/v2\/users\/1"}],"replies":[{"embeddable":true,"href":"http:\/\/antibarbarus.de\/index.php?rest_route=%2Fwp%2Fv2%2Fcomments&post=4247"}],"version-history":[{"count":7,"href":"http:\/\/antibarbarus.de\/index.php?rest_route=\/wp\/v2\/posts\/4247\/revisions"}],"predecessor-version":[{"id":4255,"href":"http:\/\/antibarbarus.de\/index.php?rest_route=\/wp\/v2\/posts\/4247\/revisions\/4255"}],"wp:attachment":[{"href":"http:\/\/antibarbarus.de\/index.php?rest_route=%2Fwp%2Fv2%2Fmedia&parent=4247"}],"wp:term":[{"taxonomy":"category","embeddable":true,"href":"http:\/\/antibarbarus.de\/index.php?rest_route=%2Fwp%2Fv2%2Fcategories&post=4247"},{"taxonomy":"post_tag","embeddable":true,"href":"http:\/\/antibarbarus.de\/index.php?rest_route=%2Fwp%2Fv2%2Ftags&post=4247"}],"curies":[{"name":"wp","href":"https:\/\/api.w.org\/{rel}","templated":true}]}}