{"id":4207,"date":"2012-02-14T00:08:06","date_gmt":"2012-02-13T23:08:06","guid":{"rendered":"http:\/\/antibarbarus.de\/?p=4207"},"modified":"2012-02-14T00:08:06","modified_gmt":"2012-02-13T23:08:06","slug":"das-griechische-elend","status":"publish","type":"post","link":"http:\/\/antibarbarus.de\/?p=4207","title":{"rendered":"Das griechische Elend"},"content":{"rendered":"<p>Heute schon wieder ein Beitrag in den <em>Tagesthemen<\/em> \u00fcber die zunehmende Verelendung der Menschen in Griechenland. Suppenk\u00fcchen, Obdachlose auf den Stra\u00dfen, ein Elend wie in einem Land der Dritten Welt. Was da unter der arroganten und offenbar v\u00f6llig gef\u00fchllosen F\u00fchrung von Angela Merkel angerichtet wird, ist ungeheuerlich. Da wird ein ganzes Land geopfert, damit Deutschland sein <em>Triple A<\/em> beh\u00e4lt.<\/p>\n<p>Ich kenne Griechenland seit fast vierzig Jahren, und ich verstehe (und teile) die Wut der Griechen \u00fcber die deutsche Regierung. Es trifft sie n\u00e4mlich besonders hart und es schmerzt sie doppelt, weil das Verh\u00e4ltnis zwischen Deutschland und Griechenland immer ein ganz besonderes Verh\u00e4ltnis war. Die k\u00fchle \u00dcberheblichkeit dieser Kanzlerin, die sich &#8211; wie es ihre Art ist &#8211; ohne jedes Gesp\u00fcr f\u00fcr Kultur und Geschichte zum ausf\u00fchrenden Organ der Finanzm\u00e4rkte macht, ist beispiellos.<\/p>\n<p>Ist es jetzt auch schon bei den wohlhabenden europ\u00e4ischen Regierungen Brauch geworden, f\u00fcr Geld alles, wirklich alles zu machen und notfalls ein ganzes Land ins Ungl\u00fcck zu st\u00fcrzen, weil die M\u00e4rkte es so wollen? Darf man die gemeinsame Geschichte von Griechen und Deutschen, die weit zur\u00fcckreicht, mit F\u00fc\u00dfen treten, um lieb Kind zu machen vor B\u00f6rsenspekulanten und Ratingagenturen? Z\u00e4hlt jetzt nichts mehr als das, was Marx einmal die &#8222;bare Zahlung&#8220; genannt hat?<\/p>\n<p>Und sage jetzt niemand, die Griechen seien selbst daran schuld. Die gro\u00dfen Steuerbetr\u00fcger und Krisengewinnler in Griechenland haben ihr Verm\u00f6gen &#8211; auch das hat man in den <em>Tagesthemen<\/em> gesehen &#8211; schon lange ins Ausland verschoben, sie erreicht man nicht. Man st\u00f6\u00dft nur die einfachen Menschen ins Ungl\u00fcck, wenn man dieses sch\u00f6ne Land jetzt buchst\u00e4blich totspart und ihm auch noch die W\u00fcrde nimmt.<\/p>\n<p>Was Merkel macht, ist eine moralisch verwerfliche Politik, und sie ist vor allem auch wirtschaftlich widersinnig. Wie soll denn ein Land wieder auf die Beine kommen, wenn man Hunderttausende entl\u00e4\u00dft, das Gesundheitswesen zusammenstreicht und dann auch noch L\u00f6hne und Renten drastisch k\u00fcrzt? Einen Sinn hat diese rigide, mitleidlose Politik nur, wenn man sich blo\u00df noch als verl\u00e4ngerter Arm der M\u00e4rkte versteht.<\/p>\n<p>Ich kann den Griechen nur raten, sich so schnell wie m\u00f6glich aus den Fangarmen der europ\u00e4ischen Regierungen zu befreien.<\/p>\n<p>Ein Ende mit Schrecken &#8211; selbst wenn es die Insolvenz bedeutet &#8211; ist allemal besser als ein Schrecken ohne Ende.<\/p>\n","protected":false},"excerpt":{"rendered":"<p>Heute schon wieder ein Beitrag in den Tagesthemen \u00fcber die zunehmende Verelendung der Menschen in Griechenland. Suppenk\u00fcchen, Obdachlose auf den Stra\u00dfen, ein Elend wie in einem Land der Dritten Welt. Was da unter der arroganten und offenbar v\u00f6llig gef\u00fchllosen F\u00fchrung &hellip; <a href=\"http:\/\/antibarbarus.de\/?p=4207\">Weiterlesen <span class=\"meta-nav\">&rarr;<\/span><\/a><\/p>\n","protected":false},"author":1,"featured_media":0,"comment_status":"open","ping_status":"open","sticky":false,"template":"","format":"standard","meta":{"footnotes":""},"categories":[12],"tags":[],"class_list":["post-4207","post","type-post","status-publish","format-standard","hentry","category-politik"],"_links":{"self":[{"href":"http:\/\/antibarbarus.de\/index.php?rest_route=\/wp\/v2\/posts\/4207","targetHints":{"allow":["GET"]}}],"collection":[{"href":"http:\/\/antibarbarus.de\/index.php?rest_route=\/wp\/v2\/posts"}],"about":[{"href":"http:\/\/antibarbarus.de\/index.php?rest_route=\/wp\/v2\/types\/post"}],"author":[{"embeddable":true,"href":"http:\/\/antibarbarus.de\/index.php?rest_route=\/wp\/v2\/users\/1"}],"replies":[{"embeddable":true,"href":"http:\/\/antibarbarus.de\/index.php?rest_route=%2Fwp%2Fv2%2Fcomments&post=4207"}],"version-history":[{"count":9,"href":"http:\/\/antibarbarus.de\/index.php?rest_route=\/wp\/v2\/posts\/4207\/revisions"}],"predecessor-version":[{"id":4221,"href":"http:\/\/antibarbarus.de\/index.php?rest_route=\/wp\/v2\/posts\/4207\/revisions\/4221"}],"wp:attachment":[{"href":"http:\/\/antibarbarus.de\/index.php?rest_route=%2Fwp%2Fv2%2Fmedia&parent=4207"}],"wp:term":[{"taxonomy":"category","embeddable":true,"href":"http:\/\/antibarbarus.de\/index.php?rest_route=%2Fwp%2Fv2%2Fcategories&post=4207"},{"taxonomy":"post_tag","embeddable":true,"href":"http:\/\/antibarbarus.de\/index.php?rest_route=%2Fwp%2Fv2%2Ftags&post=4207"}],"curies":[{"name":"wp","href":"https:\/\/api.w.org\/{rel}","templated":true}]}}