{"id":4177,"date":"2012-02-11T13:21:06","date_gmt":"2012-02-11T12:21:06","guid":{"rendered":"http:\/\/antibarbarus.de\/?p=4177"},"modified":"2012-02-11T13:21:06","modified_gmt":"2012-02-11T12:21:06","slug":"das-grune-wolkenkuckucksheim-in-baden-wurttemberg","status":"publish","type":"post","link":"http:\/\/antibarbarus.de\/?p=4177","title":{"rendered":"Das gr\u00fcne Wolkenkuckucksheim in Baden-W\u00fcrttemberg"},"content":{"rendered":"<p>Ja, ja, ich wei\u00df &#8211; Windkraftanlagen sind &#8222;sch\u00f6ne Maschinen und ein Zeichen der neuen Zeit&#8220; (Kretschmann), und &#8222;Sonne, Wind und Wasser schicken keine Rechnung&#8220; (McAllister). Nehmen wir einfach einmal an, da\u00df das alles stimmt, was man uns weismachen will. Wie aber sieht es mit der Durchf\u00fchrbarkeit dieser verh\u00e4ngnisvollen &#8222;Energiewende&#8220; aus?<\/p>\n<p>Eberhard Umbach ist Pr\u00e4sident des Karlsruher Instituts f\u00fcr Technologie (KIT), und zusammen mit seinem Institut unterst\u00fctzt er die Energiewende. Er ist aber als Wissenschaftler &#8211; anders als die Politiker, die den gutgl\u00e4ubigen Menschen das Blaue vom Himmel versprechen! &#8211; dem wissenschaftlichen Ethos und der Wahrheit verpflichtet. Das macht seine Aussagen wichtig.<\/p>\n<p>Die Regierung Kretschmann will in Baden-W\u00fcrttemberg bis 2020 zehn Prozent des Energiebedarfs aus der Windkraft gewinnen (nachzulesen in der F.A.Z. vom 6. Januar). Das gelingt nur, wenn in den kommenden acht Jahren alle drei, vier Tage (!) ein neues Windrad aufgestellt wird. Nicht nur die Opposition hat Zweifel, ob das m\u00f6glich ist.<\/p>\n<p>H\u00f6ren wir, was Prof. Umbach zu Kretschmanns Planungen sagt:<\/p>\n<blockquote><p>Die besten Standorte sind auf Erhebungen, zum Beispiel im Schwarzwald. Theoretisch ist das Ziel der Landesregierung beim Ausbau so ehrgeizig, da\u00df man wahrscheinlich den gesamten R\u00fccken des Schwarzwaldes doppelt mit Windr\u00e4dern best\u00fccken m\u00fcsste.<\/p><\/blockquote>\n<p>Und das ist noch nicht alles. Die Frage der Leitungen ist zur Zeit noch v\u00f6llig ungel\u00f6st:<\/p>\n<blockquote><p>Das gr\u00f6\u00dfte Problem ist, da\u00df wir k\u00fcnftig dezentrale Netze brauchen, die separat geregelt werden und miteinander verkn\u00fcpft sind. Zur Steuerung der dezentralen Netze fehlt uns heute die entsprechende Informationstechnologie einschlie\u00dflich entsprechender Sicherheitsma\u00dfnahmen, da reicht es nicht, ein paar neue Programme zu schreiben.<\/p><\/blockquote>\n<p>Wenn in diesem Bereich in den n\u00e4chsten zehn Jahren auch nur erste Schritte gel\u00e4ngen, sagt Umbach, &#8222;dann w\u00e4ren wir sehr gut&#8220;.<\/p>\n<p>Auch das Problem der Spannungsschwankungen in den dezentralen Netzen ist nach wie vor ungel\u00f6st.<\/p>\n<p>Das alles sagt ein Fachmann, der als Vizepr\u00e4sident der Helmholtz-Gemeinschaft f\u00fcr den Forschungsbereich Energie zust\u00e4ndig ist. Nur am Rande sei erw\u00e4hnt, da\u00df Umbach auch auf die Kosten hinweist, die bald auf Verbraucher und Industrie zukommen. Der Strom w\u00fcrde &#8222;deutlich teurer werden als anderswo&#8220;.<\/p>\n<p>Das wei\u00df der gr\u00fcne Umweltminister Franz Untersteller nat\u00fcrlich besser: niemand m\u00fcsse Angst vor einem energiewirtschaftlichen Vakuum haben, und die Stromkosten k\u00f6nnten &#8222;durch Einsparungen \u00fcberkompensiert&#8220; werden.<\/p>\n<p>Ja, ja &#8211; und der Wind schickt keine Rechnung, und mit den Windr\u00e4dern kommt die neue Zeit. Und die Gr\u00fcnen sind naturverbunden. Und die Erde ist eine Scheibe.<\/p>\n","protected":false},"excerpt":{"rendered":"<p>Ja, ja, ich wei\u00df &#8211; Windkraftanlagen sind &#8222;sch\u00f6ne Maschinen und ein Zeichen der neuen Zeit&#8220; (Kretschmann), und &#8222;Sonne, Wind und Wasser schicken keine Rechnung&#8220; (McAllister). Nehmen wir einfach einmal an, da\u00df das alles stimmt, was man uns weismachen will. Wie &hellip; <a href=\"http:\/\/antibarbarus.de\/?p=4177\">Weiterlesen <span class=\"meta-nav\">&rarr;<\/span><\/a><\/p>\n","protected":false},"author":1,"featured_media":0,"comment_status":"open","ping_status":"open","sticky":false,"template":"","format":"standard","meta":{"footnotes":""},"categories":[4,7,8],"tags":[],"class_list":["post-4177","post","type-post","status-publish","format-standard","hentry","category-die-grune-bewegung","category-natur","category-windkraftanlagen"],"_links":{"self":[{"href":"http:\/\/antibarbarus.de\/index.php?rest_route=\/wp\/v2\/posts\/4177","targetHints":{"allow":["GET"]}}],"collection":[{"href":"http:\/\/antibarbarus.de\/index.php?rest_route=\/wp\/v2\/posts"}],"about":[{"href":"http:\/\/antibarbarus.de\/index.php?rest_route=\/wp\/v2\/types\/post"}],"author":[{"embeddable":true,"href":"http:\/\/antibarbarus.de\/index.php?rest_route=\/wp\/v2\/users\/1"}],"replies":[{"embeddable":true,"href":"http:\/\/antibarbarus.de\/index.php?rest_route=%2Fwp%2Fv2%2Fcomments&post=4177"}],"version-history":[{"count":6,"href":"http:\/\/antibarbarus.de\/index.php?rest_route=\/wp\/v2\/posts\/4177\/revisions"}],"predecessor-version":[{"id":4183,"href":"http:\/\/antibarbarus.de\/index.php?rest_route=\/wp\/v2\/posts\/4177\/revisions\/4183"}],"wp:attachment":[{"href":"http:\/\/antibarbarus.de\/index.php?rest_route=%2Fwp%2Fv2%2Fmedia&parent=4177"}],"wp:term":[{"taxonomy":"category","embeddable":true,"href":"http:\/\/antibarbarus.de\/index.php?rest_route=%2Fwp%2Fv2%2Fcategories&post=4177"},{"taxonomy":"post_tag","embeddable":true,"href":"http:\/\/antibarbarus.de\/index.php?rest_route=%2Fwp%2Fv2%2Ftags&post=4177"}],"curies":[{"name":"wp","href":"https:\/\/api.w.org\/{rel}","templated":true}]}}