{"id":4124,"date":"2012-02-08T00:14:31","date_gmt":"2012-02-07T23:14:31","guid":{"rendered":"http:\/\/antibarbarus.de\/?p=4124"},"modified":"2012-02-08T00:15:31","modified_gmt":"2012-02-07T23:15:31","slug":"die-verheerung-der-landschaft-durch-windrader-2","status":"publish","type":"post","link":"http:\/\/antibarbarus.de\/?p=4124","title":{"rendered":"Die Verheerung der Landschaft durch Windr\u00e4der (2)"},"content":{"rendered":"<p>Ich hatte ja schon \u00fcber den ersten Teil des Artikels von Winand von Petersdorff in der <a title=\"Frankfurter Allgemeinen Sonntagszeitung\" href=\"http:\/\/www.faz.net\/aktuell\/wirtschaft\/windraeder-in-deutschland-durchs-land-der-riesen-11638103.html\"><em>Frankfurter Allgemeinen Sonntagszeitung<\/em><\/a> berichtet. Jetzt will ich, wie versprochen, noch ein paar weitere Einzelheiten anf\u00fchren.<\/p>\n<p>In der Uckermark, so erz\u00e4hlt von Petersdorff, sieht man des Nachts \u00fcberall nur noch die roten Warnlichter der Windr\u00e4der. Hans-Joachim Mengel, der das auf halbem Wege zwischen Berlin und Stettin gelegene Schlo\u00df Wartin vor dem Verfall bewahrt und zu einem Ort f\u00fcr Seminare und ruhebed\u00fcrftige Urlauber gemacht hat, ist verzweifelt, denn &#8222;statt der Touristen kamen die Windr\u00e4der&#8220;. Aus der Luft, sagt Mengel, m\u00fc\u00dfte Brandenburg inzwischen &#8222;wie ein Gro\u00dfflughafen mit seinem blinkenden Lichtermeer&#8220; aussehen. 3.000 Windr\u00e4der hat das Land jetzt schon. Und bald sollen 20 dazukommen, direkt neben dem Schlo\u00df.<\/p>\n<blockquote><p>Wie kann es sein, fragt Mengel, dass die Kulturlandschaft, die \u00fcber Jahrzehnte hinweg im gesellschaftlichen Konsens verteidigt wurde vor den Begehrlichkeiten der Fabrikanten und Immobilien-Entwickler, nun preisgegeben wird f\u00fcr jene Industrieanlagen, die Wind in Strom wandeln. Das Kapital allein h\u00e4tte man vielleicht noch stoppen k\u00f6nnen, glaubt Mengel. Seit aber der Idealismus im Spiel ist, gibt es kein Halten mehr.<\/p><\/blockquote>\n<p>Im benachbarten Casekow kaufen die Investoren Land auf, und ein Windkraftbetreiber verteilt gro\u00dfz\u00fcgig 115.00 Euro an die \u00f6rtlichen Vereine. So wird die politische Landschaft gepflegt &#8211; mit den Subventionen aus unseren Steuergeldern. Wie gesagt: es herrscht Goldgr\u00e4berstimmung bei den Investoren &#8211; und auch bei vielen Bauern und Waldbesitzern, die sich ihre \u00c4cker und W\u00e4lder von den Windkraftfirmen vergolden lassen.<\/p>\n<p>Beim gr\u00fcnen Ministerpr\u00e4sidenten von Baden-W\u00fcrttemberg, Kretschmann, gipfelt all das in einem besonders dummen Satz. Letztlich, sagt er, seien Windr\u00e4der<\/p>\n<blockquote><p>sch\u00f6ne Maschinen und ein Zeichen der neuen Zeit.<\/p><\/blockquote>\n<p>Und noch einen zweiten, nicht weniger dummen Satz sagt er:<\/p>\n<blockquote><p>Das ist der Preis, den wir f\u00fcr den Fortschritt bezahlen m\u00fcssen.<\/p><\/blockquote>\n<p>Was um alles in der Welt hat ein Mensch, der so redet, noch mit der gr\u00fcnen Bewegung zu tun? Nichts. Da ist nicht einmal mehr ein Hauch von Gr\u00fcn \u00fcbriggeblieben. Es ist ein trauriges Indiz f\u00fcr eine alles beherrschende Ingenieursmentalit\u00e4t. Die gr\u00fcne Bewegung, sofern sie die Natur <em>wirklich<\/em> sch\u00fctzen will, mu\u00df sie jetzt auch noch vor den Gr\u00fcnen und den gro\u00dfen Naturschutzverb\u00e4nden besch\u00fctzen.<\/p>\n<p>Was bleiben wird, ist eine <em>denaturierte Natur<\/em> &#8211; und ein Land voller scheu\u00dflicher Monster. Unsere sch\u00f6nsten Landschaften sind dann zu Friedh\u00f6fen vergangener Sch\u00f6nheit geworden. Und es ist nur ein schwacher Trost, da\u00df die Illusionen in der Bev\u00f6lkerung verfliegen werden, sobald die Menschen das Ausma\u00df an Dilettantismus erkennen, mit dem diese &#8222;Energiewende&#8220; vollzogen wird.<\/p>\n<p>Das soll der Preis sein, den wir f\u00fcr den &#8222;Fortschritt&#8220; zahlen m\u00fcssen?<\/p>\n<p>Ohne mich.<\/p>\n<p>PS: Ich habe nur wenige Beispiele aus dem gro\u00dfen Artikel von Winand von Petersdorff anf\u00fchren k\u00f6nnen &#8211; Sie sollten ihn unbedingt in voller L\u00e4nge lesen (<a title=\"hier\" href=\"http:\/\/www.faz.net\/aktuell\/wirtschaft\/windraeder-in-deutschland-durchs-land-der-riesen-11638103.html\">hier<\/a> findet man ihn).<\/p>\n","protected":false},"excerpt":{"rendered":"<p>Ich hatte ja schon \u00fcber den ersten Teil des Artikels von Winand von Petersdorff in der Frankfurter Allgemeinen Sonntagszeitung berichtet. Jetzt will ich, wie versprochen, noch ein paar weitere Einzelheiten anf\u00fchren. In der Uckermark, so erz\u00e4hlt von Petersdorff, sieht man &hellip; <a href=\"http:\/\/antibarbarus.de\/?p=4124\">Weiterlesen <span class=\"meta-nav\">&rarr;<\/span><\/a><\/p>\n","protected":false},"author":1,"featured_media":0,"comment_status":"open","ping_status":"open","sticky":false,"template":"","format":"standard","meta":{"footnotes":""},"categories":[4,7,12,8],"tags":[],"class_list":["post-4124","post","type-post","status-publish","format-standard","hentry","category-die-grune-bewegung","category-natur","category-politik","category-windkraftanlagen"],"_links":{"self":[{"href":"http:\/\/antibarbarus.de\/index.php?rest_route=\/wp\/v2\/posts\/4124","targetHints":{"allow":["GET"]}}],"collection":[{"href":"http:\/\/antibarbarus.de\/index.php?rest_route=\/wp\/v2\/posts"}],"about":[{"href":"http:\/\/antibarbarus.de\/index.php?rest_route=\/wp\/v2\/types\/post"}],"author":[{"embeddable":true,"href":"http:\/\/antibarbarus.de\/index.php?rest_route=\/wp\/v2\/users\/1"}],"replies":[{"embeddable":true,"href":"http:\/\/antibarbarus.de\/index.php?rest_route=%2Fwp%2Fv2%2Fcomments&post=4124"}],"version-history":[{"count":10,"href":"http:\/\/antibarbarus.de\/index.php?rest_route=\/wp\/v2\/posts\/4124\/revisions"}],"predecessor-version":[{"id":4144,"href":"http:\/\/antibarbarus.de\/index.php?rest_route=\/wp\/v2\/posts\/4124\/revisions\/4144"}],"wp:attachment":[{"href":"http:\/\/antibarbarus.de\/index.php?rest_route=%2Fwp%2Fv2%2Fmedia&parent=4124"}],"wp:term":[{"taxonomy":"category","embeddable":true,"href":"http:\/\/antibarbarus.de\/index.php?rest_route=%2Fwp%2Fv2%2Fcategories&post=4124"},{"taxonomy":"post_tag","embeddable":true,"href":"http:\/\/antibarbarus.de\/index.php?rest_route=%2Fwp%2Fv2%2Ftags&post=4124"}],"curies":[{"name":"wp","href":"https:\/\/api.w.org\/{rel}","templated":true}]}}