{"id":4109,"date":"2012-02-07T00:38:31","date_gmt":"2012-02-06T23:38:31","guid":{"rendered":"http:\/\/antibarbarus.de\/?p=4109"},"modified":"2012-02-07T00:38:31","modified_gmt":"2012-02-06T23:38:31","slug":"harald-lesch","status":"publish","type":"post","link":"http:\/\/antibarbarus.de\/?p=4109","title":{"rendered":"Harald Lesch"},"content":{"rendered":"<p>Vor langer Zeit, als ich noch sp\u00e4t in der Nacht arbeiten mu\u00dfte, entdeckte ich im Nachtprogramm des Bayerischen Fernsehens eine Sendung, die so spannend war, da\u00df ich sie bald nicht mehr missen wollte. Sie hie\u00df &#8222;Alpha bis Omega&#8220; und war, ein wenig merkw\u00fcrdig, in die <em>Spacenight<\/em> des BR eingebettet, obwohl es bei ihr um den Weltraum am wenigsten ging. Zwei Menschen, ein Physiker und ein katholischer Pfarrer, offensichtlich miteinander befreundet, diskutierten &#8211; buchst\u00e4blich! &#8211; \u00fcber Gott und die Welt. Der Physiker, aber das habe ich erst sp\u00e4ter erfahren, hie\u00df Harald Lesch. Er lehrte schon damals Astrophysik an der Ludwig-Maximilians-Universit\u00e4t in M\u00fcnchen. Der andere, Thomas Schwartz, war Hochschulpfarrer in Augsburg, wo er inzwischen als Honorarprofessor f\u00fcr Angewandte Ethik t\u00e4tig ist.<\/p>\n<p>Was war jetzt das Besondere an diesen Gespr\u00e4chen?<\/p>\n<p>Zuerst einmal, da\u00df es wirklich <em>Gespr\u00e4che<\/em> waren. Das ist eine (zumindest im Fernsehen!) vom Aussterben bedrohte Gattung. Man sieht fast nur noch Hau-drauf-Sendungen, jeder schreit, jeder br\u00fcllt den anderen nieder, jeder will die Oberhand gewinnen. Gespr\u00e4che sind das nicht, und es ist ein seltener Gl\u00fccksfall, wenn es in einer Talkshow einmal zu einem wirklichen Gespr\u00e4ch kommt. Ein Gespr\u00e4ch ist n\u00e4mlich ein ruhiger Austausch von Gedanken, da sto\u00dfen wirklich zwei <em>K\u00f6pfe<\/em> aufeinander, nicht zwei (oder mehr) gro\u00dfe Klappen. In den Interviews von G\u00fcnter Gaus &#8211; &#8222;Zur Person&#8220; &#8211; hat es so etwas noch gegeben, aber wer wei\u00df das noch? Die arme Generation, die schon mit SAT1 und RTL2 aufgewachsen ist, sicher nicht. Sie hatte, und das meine ich wirklich nicht herabsetzend, sie hatte kaum eine Chance, durch praktische Beispiele zu lernen, was journalistische Qualit\u00e4t ist.<\/p>\n<p>Aber ich schweife schon wieder ab. Jedenfalls weckten die n\u00e4chtlichen Gespr\u00e4che, die Lesch damals mit dem Pfarrer im Bayerischen Fernsehen f\u00fchrte, von Anfang an mein Interesse. Ein Naturwissenschaftler, der nicht von der heute so weit verbreiteten wissenschaftlichen Arroganz besessen ist, der die Grenzen seines Fachs kennt und thematisiert <em>und auch akzeptiert<\/em> &#8211; das ist ein Gl\u00fccksfall. Und es ist ein noch gr\u00f6\u00dferer Gl\u00fccksfall, wenn dieser Wissenschaftler auch noch die kompliziertesten Sachverhalte &#8211; und jeder Sch\u00fcler wei\u00df, <em>wie<\/em> kompliziert die Physik oft ist! &#8211; in freier Rede und so elegant, so wenig abgehoben und unter v\u00f6lligem Verzicht auf jeden Fachjargon darstellen kann. Die <em>Begriffe<\/em> m\u00fcssen nat\u00fcrlich sein, sonst w\u00e4re es ja keine Wissenschaft, aber der ganze Nebel, das ganze Brimborium um sie herum lichtet sich, sobald Lesch mit seinen launischen und klugen Vortr\u00e4gen beginnt.<\/p>\n<p>Nat\u00fcrlich war er nicht der erste, der so etwas kann &#8211; ich denke zum Beispiel an den unvergessenen Hoimar von Ditfurth, der leider viel zu fr\u00fch gestorben ist. Aber es ist doch immer nur eine Handvoll von Namen, die einem da einf\u00e4llt. Es sind Menschen, die sich gerade an den Grenzen ihres Fachs (und an den Grenzen der menschlichen Erkenntnis \u00fcberhaupt) gesto\u00dfen und immer wieder \u00fcber sie nachgedacht haben.<\/p>\n<p>So einer ist Lesch.<\/p>\n<p>Wenn er nur irgendeine Wissenschaftssendung moderiert, kommt sein gro\u00dfes Talent nicht zur Geltung. Aber in den kleinen Formaten wie z.B. <em>Leschs Kosmos<\/em>, das immer in der Nacht zum Montag im ZDF l\u00e4uft, zeigt er, was er kann. Er braucht kein Papier, um wie ein Oberlehrerer einen Text vorzutragen &#8211; nein, er spricht frei, und es ist eine Freude, ihn beim Entwickeln seiner Gedanken zuzuschauen.<\/p>\n<p>Am sp\u00e4ten Abend darf er nur moderieren, aber seine wirklich guten Sendungen kommen erst tief in der Nacht &#8211; und das sagt viel aus \u00fcber die Intendanten, Programmdirektoren und alle, die im \u00f6ffentlich-rechtlichen Fernsehen die Macht haben.<\/p>\n","protected":false},"excerpt":{"rendered":"<p>Vor langer Zeit, als ich noch sp\u00e4t in der Nacht arbeiten mu\u00dfte, entdeckte ich im Nachtprogramm des Bayerischen Fernsehens eine Sendung, die so spannend war, da\u00df ich sie bald nicht mehr missen wollte. Sie hie\u00df &#8222;Alpha bis Omega&#8220; und war, &hellip; <a href=\"http:\/\/antibarbarus.de\/?p=4109\">Weiterlesen <span class=\"meta-nav\">&rarr;<\/span><\/a><\/p>\n","protected":false},"author":1,"featured_media":0,"comment_status":"open","ping_status":"open","sticky":false,"template":"","format":"standard","meta":{"footnotes":""},"categories":[11,7,16],"tags":[],"class_list":["post-4109","post","type-post","status-publish","format-standard","hentry","category-fernsehen","category-natur","category-philosophie"],"_links":{"self":[{"href":"http:\/\/antibarbarus.de\/index.php?rest_route=\/wp\/v2\/posts\/4109","targetHints":{"allow":["GET"]}}],"collection":[{"href":"http:\/\/antibarbarus.de\/index.php?rest_route=\/wp\/v2\/posts"}],"about":[{"href":"http:\/\/antibarbarus.de\/index.php?rest_route=\/wp\/v2\/types\/post"}],"author":[{"embeddable":true,"href":"http:\/\/antibarbarus.de\/index.php?rest_route=\/wp\/v2\/users\/1"}],"replies":[{"embeddable":true,"href":"http:\/\/antibarbarus.de\/index.php?rest_route=%2Fwp%2Fv2%2Fcomments&post=4109"}],"version-history":[{"count":11,"href":"http:\/\/antibarbarus.de\/index.php?rest_route=\/wp\/v2\/posts\/4109\/revisions"}],"predecessor-version":[{"id":4120,"href":"http:\/\/antibarbarus.de\/index.php?rest_route=\/wp\/v2\/posts\/4109\/revisions\/4120"}],"wp:attachment":[{"href":"http:\/\/antibarbarus.de\/index.php?rest_route=%2Fwp%2Fv2%2Fmedia&parent=4109"}],"wp:term":[{"taxonomy":"category","embeddable":true,"href":"http:\/\/antibarbarus.de\/index.php?rest_route=%2Fwp%2Fv2%2Fcategories&post=4109"},{"taxonomy":"post_tag","embeddable":true,"href":"http:\/\/antibarbarus.de\/index.php?rest_route=%2Fwp%2Fv2%2Ftags&post=4109"}],"curies":[{"name":"wp","href":"https:\/\/api.w.org\/{rel}","templated":true}]}}