{"id":4060,"date":"2012-02-03T00:05:12","date_gmt":"2012-02-02T23:05:12","guid":{"rendered":"http:\/\/antibarbarus.de\/?p=4060"},"modified":"2012-02-03T00:05:12","modified_gmt":"2012-02-02T23:05:12","slug":"der-imam-die-kultur-und-der-has","status":"publish","type":"post","link":"http:\/\/antibarbarus.de\/?p=4060","title":{"rendered":"Der Imam, die Kultur und der Ha\u00df"},"content":{"rendered":"<p>Es gibt eine kleine Gruppe von Muslimen, die niemand hier in Deutschland haben m\u00f6chte. Dazu z\u00e4hlen vor allem die sog. &#8222;Ha\u00dfprediger&#8220;. Da\u00df es noch immer nicht gelungen ist, diese geistigen Brandstifter rechtlich zur Verantwortung zu ziehen, ist \u00e4rgerlich. Hier mu\u00df auf jeden Fall durch den Gesetzgeber Abhilfe geschaffen werden, denn wer Freitag f\u00fcr Freitag in menschenverachtender Weise den Ha\u00df gegen das Land sch\u00fcrt, in dem er lebt, und oft genug auch zum Dschihad gegen unsere Kultur aufruft, dem mu\u00df diese M\u00f6glichkeit genommen werden. Die Gerichte, das hat sich auch jetzt wieder gezeigt, haben oft keine M\u00f6glichkeit, strafrechtlich gegen solche &#8222;Imame&#8220; vorzugehen, weil das Delikt der Volksverhetzung oft nicht anwendbar ist.<\/p>\n<p>In einem aktuellen Fall geht es um den afghanischen Imam Said Khobaib Sadat, der im Frankfurter Stadtteil Bergen-Enkheim eine Gemeinde um sich geschart hat. Als die Vorw\u00fcrfe gegen seine aggressiven Predigten immer lauter wurden, trennte sich der Afghanische Kulturverein &#8211; man beachte das Wort &#8222;Kultur&#8220;! &#8211; von ihm. Gegen den Versuch der Offenbacher Ausl\u00e4nderbeh\u00f6rde, Sadat auszuweisen, ging der fromme Mann, der sonst wohl eher die Scharia bevorzugt, durch alle Instanzen bis zum Hessischen Verwaltungsgerichtshof &#8211; und gewann! Der Straftatbestand der Volksverhetzung sei im juristischen Sinne nicht erf\u00fcllt.<\/p>\n<p>Der &#8222;Kulturverein&#8220; hat sich von ihm \u00fcbrigens nur zum Schein getrennt. Sadat soll dort jetzt als &#8222;Hausmeister&#8220; besch\u00e4ftigt sein. Selbst das Frankfurter Integrationsdezernat, das sonst gar nicht milde genug sein kann, meint jetzt, wie man im Lokalteil der F.A.Z. vom Donnerstag nachlesen kann,<\/p>\n<blockquote><p>der Prediger habe die ganze Zeit einen pr\u00e4genden Einflu\u00df auf den Verein gehabt und die ideologische Ausrichtung ma\u00dfgeblich mitbestimmt. Nun bestehe abermals die Gefahr, da\u00df Sadat mit seinen teils sehr emotionalen Reden vor allem j\u00fcngere Gemeindemitglieder radikalisiere.<\/p><\/blockquote>\n<p>Ich finde es, mit Verlaub, skandal\u00f6s, da\u00df gerade hier im Rhein-Main-Gebiet, aber auch anderswo, oft gut integrierte Familien mit Kindern, die das Gymnasium besuchen, in Vereinen sind und perfekt deutsch sprechen, im Morgengrauen abgeholt und in ihr &#8222;Mutterland&#8220; abgeschoben werden, w\u00e4hrend es selbst nach sechs Jahren (!) nicht gelingt, diesen Imam mitsamt seiner Familie in seine afghanische Heimat zu schicken.<\/p>\n<p>Sadat ist 1991 nach Deutschland gekommen. Alle seine Asylantr\u00e4ge wurden abgelehnt. Aber er ist immer noch da. Und seit ihn das Gericht aus Mangel an Beweisen vom Vorwurf der Volksverhetzung freigesprochen hat, predigt er auch wieder in Bergen-Enkheim.<\/p>\n<p>Und wenn er mit seinen Glaubensbr\u00fcdern zusammen ist, da bin ich sicher, lacht er sich halbtot \u00fcber die Ungl\u00e4ubigen, auch wenn er sie vielleicht nicht mehr, wie es noch unter den Osmanen \u00fcblich war, als Christenhunde bezeichnet.<\/p>\n","protected":false},"excerpt":{"rendered":"<p>Es gibt eine kleine Gruppe von Muslimen, die niemand hier in Deutschland haben m\u00f6chte. Dazu z\u00e4hlen vor allem die sog. &#8222;Ha\u00dfprediger&#8220;. Da\u00df es noch immer nicht gelungen ist, diese geistigen Brandstifter rechtlich zur Verantwortung zu ziehen, ist \u00e4rgerlich. Hier mu\u00df &hellip; <a href=\"http:\/\/antibarbarus.de\/?p=4060\">Weiterlesen <span class=\"meta-nav\">&rarr;<\/span><\/a><\/p>\n","protected":false},"author":1,"featured_media":0,"comment_status":"open","ping_status":"open","sticky":false,"template":"","format":"standard","meta":{"footnotes":""},"categories":[5,12],"tags":[],"class_list":["post-4060","post","type-post","status-publish","format-standard","hentry","category-islam","category-politik"],"_links":{"self":[{"href":"http:\/\/antibarbarus.de\/index.php?rest_route=\/wp\/v2\/posts\/4060","targetHints":{"allow":["GET"]}}],"collection":[{"href":"http:\/\/antibarbarus.de\/index.php?rest_route=\/wp\/v2\/posts"}],"about":[{"href":"http:\/\/antibarbarus.de\/index.php?rest_route=\/wp\/v2\/types\/post"}],"author":[{"embeddable":true,"href":"http:\/\/antibarbarus.de\/index.php?rest_route=\/wp\/v2\/users\/1"}],"replies":[{"embeddable":true,"href":"http:\/\/antibarbarus.de\/index.php?rest_route=%2Fwp%2Fv2%2Fcomments&post=4060"}],"version-history":[{"count":5,"href":"http:\/\/antibarbarus.de\/index.php?rest_route=\/wp\/v2\/posts\/4060\/revisions"}],"predecessor-version":[{"id":4065,"href":"http:\/\/antibarbarus.de\/index.php?rest_route=\/wp\/v2\/posts\/4060\/revisions\/4065"}],"wp:attachment":[{"href":"http:\/\/antibarbarus.de\/index.php?rest_route=%2Fwp%2Fv2%2Fmedia&parent=4060"}],"wp:term":[{"taxonomy":"category","embeddable":true,"href":"http:\/\/antibarbarus.de\/index.php?rest_route=%2Fwp%2Fv2%2Fcategories&post=4060"},{"taxonomy":"post_tag","embeddable":true,"href":"http:\/\/antibarbarus.de\/index.php?rest_route=%2Fwp%2Fv2%2Ftags&post=4060"}],"curies":[{"name":"wp","href":"https:\/\/api.w.org\/{rel}","templated":true}]}}