{"id":3576,"date":"2011-12-30T00:26:46","date_gmt":"2011-12-29T23:26:46","guid":{"rendered":"http:\/\/antibarbarus.de\/?p=3576"},"modified":"2011-12-30T10:46:15","modified_gmt":"2011-12-30T09:46:15","slug":"darfur-und-damaskus","status":"publish","type":"post","link":"http:\/\/antibarbarus.de\/?p=3576","title":{"rendered":"Von Darfur nach Damaskus &#8211; eine arabische Karriere"},"content":{"rendered":"<p>Ich hatte vor drei Tagen an dieser Stelle \u00fcber die Ungeheuerlichkeit berichtet, da\u00df mit Muhammad al-Dabbi ausgerechnet ein treuer Gefolgsmann des sudanesischen Pr\u00e4sidenten al-Baschir zum Leiter der Beobachtermission der Arabischen Liga in Syrien ernannt wurde. Al-Dabbi soll in die Kriegsverbrechen in Darfur verwickelt sein. <em>Amnesty International<\/em> stellt fest, da\u00df unter seinem Kommando der sudanesische Geheimdienst &#8222;f\u00fcr willk\u00fcrliche Festnahmen und Inhaftierungen, Folter und Misshandlungen zahlloser Menschen im Sudan&#8220; verantwortlich gewesen sei.<\/p>\n<p>Jetzt scheinen sich die schlimmsten Bef\u00fcrchtungen zu best\u00e4tigen. Al-Dabbi spazierte durch die von Assads bewaffneten Banden schwer gezeichnete Stadt Homs und sagte dann zu Reportern, es sei ein &#8222;ruhiger Tag&#8220; gewesen. Es habe, so zitiert ihn <em>tagesschau.de<\/em>,<\/p>\n<blockquote><p>keine K\u00e4mpfe gegeben, die Lage beruhige sich, sei nicht be\u00e4ngstigend.<\/p><\/blockquote>\n<p>Freilich, verglichen mit Darfur und den Schlachtfesten der Dschandschawid ist die Lage in Syrien wirklich &#8222;nicht be\u00e4ngstigend&#8220;. Was ist schon die Ausl\u00f6schung der syrischen Opposition gegen einen regelrechten V\u00f6lkermord?<\/p>\n<p>Nabil al-Arabi, der Generalsekret\u00e4r der Arabischen Liga, lobte \u00fcbrigens, wie man in der <a title=\"Financial Times\" href=\"http:\/\/www.ftd.de\/politik\/international\/:kopf-des-tages-mustafa-al-dabi-blinder-beobachter\/60147870.html\">Financial Times<\/a> nachlesen kann, die &#8222;sehr breite Erfahrung&#8220;, die al-Dabbi zu einer idealen Wahl f\u00fcr diese Mission mache.<\/p>\n","protected":false},"excerpt":{"rendered":"<p>Ich hatte vor drei Tagen an dieser Stelle \u00fcber die Ungeheuerlichkeit berichtet, da\u00df mit Muhammad al-Dabbi ausgerechnet ein treuer Gefolgsmann des sudanesischen Pr\u00e4sidenten al-Baschir zum Leiter der Beobachtermission der Arabischen Liga in Syrien ernannt wurde. Al-Dabbi soll in die Kriegsverbrechen &hellip; <a href=\"http:\/\/antibarbarus.de\/?p=3576\">Weiterlesen <span class=\"meta-nav\">&rarr;<\/span><\/a><\/p>\n","protected":false},"author":1,"featured_media":0,"comment_status":"open","ping_status":"open","sticky":false,"template":"","format":"standard","meta":{"footnotes":""},"categories":[5,12],"tags":[],"class_list":["post-3576","post","type-post","status-publish","format-standard","hentry","category-islam","category-politik"],"_links":{"self":[{"href":"http:\/\/antibarbarus.de\/index.php?rest_route=\/wp\/v2\/posts\/3576","targetHints":{"allow":["GET"]}}],"collection":[{"href":"http:\/\/antibarbarus.de\/index.php?rest_route=\/wp\/v2\/posts"}],"about":[{"href":"http:\/\/antibarbarus.de\/index.php?rest_route=\/wp\/v2\/types\/post"}],"author":[{"embeddable":true,"href":"http:\/\/antibarbarus.de\/index.php?rest_route=\/wp\/v2\/users\/1"}],"replies":[{"embeddable":true,"href":"http:\/\/antibarbarus.de\/index.php?rest_route=%2Fwp%2Fv2%2Fcomments&post=3576"}],"version-history":[{"count":7,"href":"http:\/\/antibarbarus.de\/index.php?rest_route=\/wp\/v2\/posts\/3576\/revisions"}],"predecessor-version":[{"id":3583,"href":"http:\/\/antibarbarus.de\/index.php?rest_route=\/wp\/v2\/posts\/3576\/revisions\/3583"}],"wp:attachment":[{"href":"http:\/\/antibarbarus.de\/index.php?rest_route=%2Fwp%2Fv2%2Fmedia&parent=3576"}],"wp:term":[{"taxonomy":"category","embeddable":true,"href":"http:\/\/antibarbarus.de\/index.php?rest_route=%2Fwp%2Fv2%2Fcategories&post=3576"},{"taxonomy":"post_tag","embeddable":true,"href":"http:\/\/antibarbarus.de\/index.php?rest_route=%2Fwp%2Fv2%2Ftags&post=3576"}],"curies":[{"name":"wp","href":"https:\/\/api.w.org\/{rel}","templated":true}]}}