{"id":3565,"date":"2011-12-29T00:11:26","date_gmt":"2011-12-28T23:11:26","guid":{"rendered":"http:\/\/antibarbarus.de\/?p=3565"},"modified":"2011-12-29T00:11:26","modified_gmt":"2011-12-28T23:11:26","slug":"braucht-die-weld-noch-pabst-und-pabsttum","status":"publish","type":"post","link":"http:\/\/antibarbarus.de\/?p=3565","title":{"rendered":"Braucht die Weld noch Pabst und Pabsttum?"},"content":{"rendered":"<p>Der italienische Journalist Marco Politi &#8211; &#8222;einer der bedeutendsten Vatikanexperten&#8220;, wie Tilmann Kleinjung vom ARD-H\u00f6rfunkstudio Rom meint (<a title=\"hier\" href=\"http:\/\/www.tagesschau.de\/ausland\/papstkritik112.html\">hier<\/a> nachzulesen) &#8211;\u00a0 hat ein sehr kritisches Buch \u00fcber Benedikt XVI. geschrieben (&#8222;Crisi di un papato&#8220;). &#8222;Joseph Ratzinger&#8220;, so lautet denn auch gleich der erste Satz des Buches, &#8222;h\u00e4tte nicht Papst werden d\u00fcrfen.&#8220; Und so geht es weiter: ein &#8222;sanfter Spalter&#8220; sei er, alles sei ihm mi\u00dfgl\u00fcckt, keines der dr\u00e4ngenden Probleme habe er angepackt, daf\u00fcr zettele er st\u00e4ndig neue Konflikte an &#8211; und dann der Mi\u00dfbrauchsskandal! Und die Piusbruderschaft! Und so geht es weiter.<\/p>\n<p>Niemand w\u00e4re \u00fcbrigens auf die Idee gekommen, so etwas Johannes Paul II. entgegenzuschleudern. Aber ich will mich an der Auseinandersetzung \u00fcber das Pontifikat Benedikts XVI. an dieser Stelle gar nicht beteiligen (vielleicht sp\u00e4ter einmal). Nein, es geht mir heute um die Qualit\u00e4t intellektueller Auseinandersetzung im Internet.<\/p>\n<p>\u00dcber das Buch kann man sicher wunderbar streiten, und \u00fcber Kleinjungs Artikel auf <em>tagesschau.de<\/em> auch (Kleinjung ist \u00fcbrigens evangelischer Theologe). Aber sehen wir uns lieber einmal die Kommentare der <em>Leser<\/em> auf der Tagesschau-Seite an.<\/p>\n<blockquote><p>&#8222;Jeder kann Pabst werden, nur kein Deutscher&#8220;! So hie\u00df es vor der Wahl zum neuen Pabst!<\/p><\/blockquote>\n<div>\n<blockquote><p>Wozu eigentlich Pabst? Die Behauptung, der Pabst sei von Gott selbst zu seinem Stellvertreter eingesetzt ist eine Zweck behauptung fuer etwas *Selbst Angemasstes* und somit ist Pabst&amp; Pabsttum eine innerkirchliche angelegenheit. Der Rest der Welt braucht keinen Pabst.<\/p><\/blockquote>\n<p>Es ist wahr, die Welt braucht vielleicht keinen <em>Pabst<\/em>, aber da\u00df sie einen <em>Papst<\/em> hat, und einen klugen noch dazu, das gef\u00e4llt mir.<\/p>\n<p>Der n\u00e4chste, bitte!<\/p>\n<blockquote><p>Ich bin Evangelisch und die Katolischen Kirche mit Ihren P\u00e4psten die in den Jahrhunderten viel Mist gebaut sehe sehr kritisch da in meinen Augen immer sehr alt Modisch. Aber unser jetziger Papst f\u00e4llt da nicht besonders auf. Es sind halt meistens alte Leute die in Rente geh\u00f6hren. Ich bezweifle das die Weld einen Papst braucht. Aber dieser ist weder besonders Gut noch besonders Schlecht.<\/p><\/blockquote>\n<p>Ein kluger, ausgewogener Beitrag, nicht wahr? Und noch ein paar weitere H\u00e4ppchen aus der Diskussion:<\/p>\n<blockquote><p>Der Papa und sein Kinderqu\u00e4lverein sind auch schon auf der gleichen \u00dcberfluss-Liste wie unser BP.<\/p>\n<p>Er sieht immer m\u00fcder aus. Das ganze Papsttum an sich ist doch schon ein Anachronismus. Ein anderer alter Mann h\u00e4tte auch nichts anderes bewirkt. Und wie viele Followers hat die katholische Kirche trotzdem immer noch. Es ist doch der gemeine Mann und die gemeine Frau, die aufwachen m\u00fcssen. Lassen wir Ratzinger seinen Schlaf.<\/p><\/blockquote>\n<p>Nur als kleiner Einschub: der &#8222;m\u00fcde&#8220; Papst ist 84 Jahre alt. Darf man da nicht ab und zu mal ein bi\u00dfchen m\u00fcde sein? Aber weiter geht&#8217;s &#8211; diesmal mit Humor und mit der heute in unserem Land und besonders im Netz ubiquit\u00e4ren &#8222;ganz neuen Rechtschreibung&#8220;:<\/p>\n<blockquote><p>Alten verbohrte sture M\u00e4nner hinter hohen Mauern, abgeschottet von der Realit\u00e4t, in Brokrat Kleidern sitzen Abends zusammen und singen: \u201eWir machen uns die Welt widde widde wie sie uns gef\u00e4llt&#8230;..\u201c.<\/p>\n<p>\u00d6ffnet diese Archive des Vatikans. Es kann nicht angehen das Gottvater auch angeblich alle Menschen f\u00fcr dumm verkauft und nur besonders gew\u00e4hlten P\u00e4psten eine Einsicht in wichtigen Glaubensfragen und Geheimnissen gew\u00e4hrt.<\/p>\n<p>Der Vatikan wird nie seine Archive oeffnen, weil dann Dinge ans Licht der Welt kommen, die das Dasein und die Existenzberechtigung in Frage stellen wuerde.<\/p><\/blockquote>\n<p>Vielleicht &#8211; das nur nebenbei &#8211; sollte man einfach mal in der Wikipedia den Artikel \u00fcber das <a title=\"Vatikanische Geheimarchiv\" href=\"http:\/\/de.wikipedia.org\/wiki\/Vatikanisches_Geheimarchiv\">Vatikanische Geheimarchiv<\/a> lesen? Es ist n\u00e4mlich recht riskant, sein Wissen allein aus der Lekt\u00fcre von Vatikan-Thrillern und Verschw\u00f6rungstheoretikern zu sch\u00f6pfen.<\/p>\n<p>Aber ein paar kritische deutsche Stimmen wollen wir uns noch antun:<\/p>\n<blockquote><p>Es ist das Vers\u00e4umnis der Gesamtheit der katholischen Christen endlich reinen Tisch zu machen, dem Pontifex und seinen bunten Tanten klarzumachen, dass sich die Zeiten \u00e4ndern.<\/p>\n<p>Ansonsten finde ich das man die kath. Kirche einfach \u00fcberbewertet, denn sie tut nicht wirklich was f\u00fcr seine &#8222;Sch\u00e4fchen&#8220;.<\/p><\/blockquote>\n<div>\n<blockquote><p>Das Buch ueber den Papst aendert auch nichts, weil echte Katholiken lassen sich vom Glauben nicht abbringen,auch wenn sie am Tage Menschen sind und Fehler machen,oder an der Bibel vorbei leben&#8230;..<\/p>\n<p>F\u00fcr mich ist der Pontifikat mit Johannes Paul gestorben! Und ich gl\u00fccklicher Moslem! Fernab jeder verbr\u00e4mter alter M\u00e4nner, die sich fernab von &#8222;hier und jetzt&#8220; im &#8222;Schrank leben&#8220; und staubiges predigen ;D<\/p><\/blockquote>\n<p>Das ist \u00fcbrigens keine Auswahl der kuriosesten Beitr\u00e4ge &#8211; so oder \u00e4hnlich \u00e4u\u00dfert sich der gr\u00f6\u00dfte Teil der Diskussionsteilnehmer.<\/p>\n<\/div>\n<\/div>\n","protected":false},"excerpt":{"rendered":"<p>Der italienische Journalist Marco Politi &#8211; &#8222;einer der bedeutendsten Vatikanexperten&#8220;, wie Tilmann Kleinjung vom ARD-H\u00f6rfunkstudio Rom meint (hier nachzulesen) &#8211;\u00a0 hat ein sehr kritisches Buch \u00fcber Benedikt XVI. geschrieben (&#8222;Crisi di un papato&#8220;). &#8222;Joseph Ratzinger&#8220;, so lautet denn auch gleich &hellip; <a href=\"http:\/\/antibarbarus.de\/?p=3565\">Weiterlesen <span class=\"meta-nav\">&rarr;<\/span><\/a><\/p>\n","protected":false},"author":1,"featured_media":0,"comment_status":"open","ping_status":"open","sticky":false,"template":"","format":"standard","meta":{"footnotes":""},"categories":[3,14,9],"tags":[],"class_list":["post-3565","post","type-post","status-publish","format-standard","hentry","category-christentum","category-internet","category-die-deutsche-sprache"],"_links":{"self":[{"href":"http:\/\/antibarbarus.de\/index.php?rest_route=\/wp\/v2\/posts\/3565","targetHints":{"allow":["GET"]}}],"collection":[{"href":"http:\/\/antibarbarus.de\/index.php?rest_route=\/wp\/v2\/posts"}],"about":[{"href":"http:\/\/antibarbarus.de\/index.php?rest_route=\/wp\/v2\/types\/post"}],"author":[{"embeddable":true,"href":"http:\/\/antibarbarus.de\/index.php?rest_route=\/wp\/v2\/users\/1"}],"replies":[{"embeddable":true,"href":"http:\/\/antibarbarus.de\/index.php?rest_route=%2Fwp%2Fv2%2Fcomments&post=3565"}],"version-history":[{"count":8,"href":"http:\/\/antibarbarus.de\/index.php?rest_route=\/wp\/v2\/posts\/3565\/revisions"}],"predecessor-version":[{"id":3574,"href":"http:\/\/antibarbarus.de\/index.php?rest_route=\/wp\/v2\/posts\/3565\/revisions\/3574"}],"wp:attachment":[{"href":"http:\/\/antibarbarus.de\/index.php?rest_route=%2Fwp%2Fv2%2Fmedia&parent=3565"}],"wp:term":[{"taxonomy":"category","embeddable":true,"href":"http:\/\/antibarbarus.de\/index.php?rest_route=%2Fwp%2Fv2%2Fcategories&post=3565"},{"taxonomy":"post_tag","embeddable":true,"href":"http:\/\/antibarbarus.de\/index.php?rest_route=%2Fwp%2Fv2%2Ftags&post=3565"}],"curies":[{"name":"wp","href":"https:\/\/api.w.org\/{rel}","templated":true}]}}