{"id":345,"date":"2011-04-16T11:31:02","date_gmt":"2011-04-16T09:31:02","guid":{"rendered":"http:\/\/antibarbarus.de\/?p=345"},"modified":"2011-04-16T15:39:17","modified_gmt":"2011-04-16T13:39:17","slug":"merkels-atomausstieg-haben-ihr-auserirdische-ein-implantat-eingepflanzt","status":"publish","type":"post","link":"http:\/\/antibarbarus.de\/?p=345","title":{"rendered":"Angela Merkel &#8211; von Au\u00dferirdischen entf\u00fchrt?"},"content":{"rendered":"<p>Was ist nur mit unserer Bundeskanzlerin geschehen? Haben ihr Au\u00dferirdische einen Chip implantiert? Oder hat gar ein K\u00f6rperwandler ihre Gestalt angenommen, und sie ist&#8217;s gar nicht, die da zu uns spricht? Auf jeden Fall mu\u00df, f\u00fcr uns alle verborgen, etwas Unheimliches, Unbegreifliches mit ihr geschehen sein.<\/p>\n<p>Angela Merkel will &#8222;schnellstm\u00f6glich&#8220; aus der Atomenergie aussteigen. Sie, die vor kurzem noch die Laufzeiten der Atomkraftwerke gegen heftigen Widerstand verl\u00e4ngert und das als &#8222;Revolution&#8220; gefeiert hat, sagt jetzt, es sei beim Ausstieg &#8222;Eile geboten&#8220;. Warum eigentlich? Wenn Tschernobyl und Harrisburg keinen Eindruck bei ihr hinterlassen haben, warum dann Fukushima? Nein, einen vern\u00fcnftigen Grund f\u00fcr diese Eile gibt es nicht, im Gegenteil.<\/p>\n<p>Jetzt wird also in einem &#8222;blitzartigen Verfahren&#8220; (F.A.Z. von heute) ein Gesetz durchgepeitscht, das den Ausstieg besiegelt. Schon am 6. Juni soll es vom Kabinett, am 17. Juni vom Bundesrat best\u00e4tigt werden. Die gesetzlichen Beratungsfristen werden daf\u00fcr gek\u00fcrzt, damit alles wirklich ganz, ganz schnell gehen kann.<\/p>\n<p>Gleichzeitig soll, wie die F.A.Z. berichtet, ein ganzes B\u00fcndel von &#8222;Gesetzen zum Netzausbau, zum Planungsrecht und zu Ma\u00dfnahmen zugunsten erneuerbarer Energien&#8220; durchgesetzt werden. Da sollte man vor allem beim Punkt &#8222;Planungsrecht&#8220; hellh\u00f6rig werden. Die Einspruchsrechte von B\u00fcrgern und Kommunen etwa beim Bau von Windkraftanlagen sind den potentiellen Betreibern schon lange ein Dorn im Auge. Hier wird mit Sicherheit versucht werden, die Planungszeit zu verk\u00fcrzen und die Rechte der B\u00fcrger einzuschr\u00e4nken. Da darf man schon gespannt sein, welchen Eiertanz die Gr\u00fcnen auff\u00fchren werden, um zwischen den &#8222;guten&#8220; Demonstranten (gegen Akw, Stuttgart 21 usw.) und den unverbesserlichen &#8222;Spie\u00dfb\u00fcrgern&#8220; (gegen Windkraftanlagen) feinsinnig zu unterscheiden. Das Begehren der B\u00fcrger wird eben nur goutiert, wenn es mit der eigenen Ideologie \u00fcbereinstimmt.<\/p>\n<p>Noch einmal: dieses &#8222;Blitzverfahren&#8220; ist sachlich durch nichts, aber auch gar nichts gerechtfertigt. Es schadet unserem Land, weil es an die Stelle einer langfristig ausgerichteten, vern\u00fcnftigen Strategie nur hektische Betriebsamkeit setzt. Es ist m\u00fc\u00dfig, dar\u00fcber zu spekulieren, ob die Regierung dabei nur die Wahlen im Blick hat oder die Stimmung in der Bev\u00f6lkerung. Sie handelt mit einer Eile, die eben <em>nicht <\/em>geboten ist. Geboten w\u00e4re, wenn man den abgeleisteten Amtseid ernst nimmt, ein gr\u00fcndliches, ja bed\u00e4chtiges Nachdenken \u00fcber den Umbau unserer Energieversorgung. Das wird durch die demn\u00e4chst durchgepeitschten Gesetze unm\u00f6glich gemacht.<\/p>\n","protected":false},"excerpt":{"rendered":"<p>Was ist nur mit unserer Bundeskanzlerin geschehen? Haben ihr Au\u00dferirdische einen Chip implantiert? Oder hat gar ein K\u00f6rperwandler ihre Gestalt angenommen, und sie ist&#8217;s gar nicht, die da zu uns spricht? Auf jeden Fall mu\u00df, f\u00fcr uns alle verborgen, etwas &hellip; <a href=\"http:\/\/antibarbarus.de\/?p=345\">Weiterlesen <span class=\"meta-nav\">&rarr;<\/span><\/a><\/p>\n","protected":false},"author":1,"featured_media":0,"comment_status":"open","ping_status":"open","sticky":false,"template":"","format":"standard","meta":{"footnotes":""},"categories":[4,7,12,8],"tags":[],"class_list":["post-345","post","type-post","status-publish","format-standard","hentry","category-die-grune-bewegung","category-natur","category-politik","category-windkraftanlagen"],"_links":{"self":[{"href":"http:\/\/antibarbarus.de\/index.php?rest_route=\/wp\/v2\/posts\/345","targetHints":{"allow":["GET"]}}],"collection":[{"href":"http:\/\/antibarbarus.de\/index.php?rest_route=\/wp\/v2\/posts"}],"about":[{"href":"http:\/\/antibarbarus.de\/index.php?rest_route=\/wp\/v2\/types\/post"}],"author":[{"embeddable":true,"href":"http:\/\/antibarbarus.de\/index.php?rest_route=\/wp\/v2\/users\/1"}],"replies":[{"embeddable":true,"href":"http:\/\/antibarbarus.de\/index.php?rest_route=%2Fwp%2Fv2%2Fcomments&post=345"}],"version-history":[{"count":11,"href":"http:\/\/antibarbarus.de\/index.php?rest_route=\/wp\/v2\/posts\/345\/revisions"}],"predecessor-version":[{"id":367,"href":"http:\/\/antibarbarus.de\/index.php?rest_route=\/wp\/v2\/posts\/345\/revisions\/367"}],"wp:attachment":[{"href":"http:\/\/antibarbarus.de\/index.php?rest_route=%2Fwp%2Fv2%2Fmedia&parent=345"}],"wp:term":[{"taxonomy":"category","embeddable":true,"href":"http:\/\/antibarbarus.de\/index.php?rest_route=%2Fwp%2Fv2%2Fcategories&post=345"},{"taxonomy":"post_tag","embeddable":true,"href":"http:\/\/antibarbarus.de\/index.php?rest_route=%2Fwp%2Fv2%2Ftags&post=345"}],"curies":[{"name":"wp","href":"https:\/\/api.w.org\/{rel}","templated":true}]}}