{"id":23309,"date":"2024-11-11T00:02:27","date_gmt":"2024-11-10T23:02:27","guid":{"rendered":"http:\/\/antibarbarus.de\/?p=23309"},"modified":"2024-11-11T00:04:26","modified_gmt":"2024-11-10T23:04:26","slug":"und-es-hat-ein-bisschen-wumms-gemacht-aber-mit-den-worten-des-vorsitzenden-olaf-wird-kein-tigerberg-erobert","status":"publish","type":"post","link":"http:\/\/antibarbarus.de\/?p=23309","title":{"rendered":"Und es hat (ein bi\u00dfchen) Wumms gemacht &#8230; Aber mit den Worten des Vorsitzenden Olaf wird kein Tigerberg erobert"},"content":{"rendered":"\n<p>Da sitzt man im Fernsehsessel und will in Ruhe im ZDF &#8222;XY ungel\u00f6st&#8220; schauen &#8211; und dann passiert es: mitten in einem Kriminalfall taucht auf dem Bildschirm die Laufschrift &#8222;Scholz hat Lindner entlassen&#8220; auf, dann folgt die Ank\u00fcndigung, da\u00df die laufende Sendung f\u00fcr eine Ansprache des Bundeskanzlers unterbrochen wird. Wohlgemerkt: &#8222;unterbrochen&#8220;, und nur f\u00fcr die Ansprache des Kanzlers. Es wird nach der Rede also weitergehen. Tut es aber nicht. Informationen, was aus den nachfolgenden Sendungen wird, bekommt man nicht. Weder im Programm noch im Internet noch in irgendeiner App. Es ist fast wie bei der Deutschen Bahn. Auch da \u00e4rgert man sich oft mehr \u00fcber die fehlende Kommunikation als \u00fcber die Versp\u00e4tung selbst. <br><br>Aber, wird nun mancher einwenden, der Anla\u00df war ja wohl wichtig genug f\u00fcr eine Programm\u00e4nderung! Die Rede selbst, ja. Es war die Rede eines gescheiterten Kanzlers, der in seiner Ansprache seiner Frustration &#8211; hoffentlich auch \u00fcber die eigene Schw\u00e4che! &#8211; endlich freien Lauf lie\u00df. Aber gerade diese Rede, die ihm ja f\u00fcr den bevorstehenden Wahlkampf den Nimbus des kraftvollen, entschlu\u00dffreudigen Politikers zur\u00fcckgeben sollte, war von Anfang bis Ende das Gegenteil davon. An allen S\u00fcnden der Vergangenheit war mit seiner Treulosigkeit ein einziger Mann schuld: Christian Lindner. Das wirkte peinlich inszeniert &#8211; und auf billigste Art in Szene gesetzt war es auch, denn der Text der Rede lag wohl schon seit Tagen bereit, um der SPD f\u00fcr die kommende Wahl eine gute Ausgangsposition zu verschaffen. Au\u00dferdem war wohl durchgestochen worden, da\u00df die FDP tags darauf die Koalition beenden wollte. Dem mu\u00dfte man zuvorkommen.<\/p>\n\n\n\n<p>Einer Partei, die einem solchen Redner auch noch stehende Ovationen bereitet, ist nicht mehr zu helfen.  <\/p>\n\n\n\n<p>Es ist wahr &#8211; Lindner h\u00e4tte die Koalition schon lange vorher verlassen m\u00fcssen, er h\u00e4tte sie eigentlich gar nicht erst eingehen d\u00fcrfen. Aber ausgerechnet ihm die Schuld am Versagen dieser Koalition zu geben, ist absurd. Die Gr\u00fcnen und die SPD haben es mit ihrer dummen, ideologisch verblendeten &#8222;Klimapolitik&#8220; geschafft, ein prosperierendes Land an den Rand des Abgrunds zu treiben. Sie sollten daf\u00fcr so bald wie m\u00f6glich vom W\u00e4hler abgestraft werden.     <\/p>\n\n\n\n<p>Nur noch ein Wort zur Klimapolitik, die ja zu so etwas wie dem Goldenen Kalb unserer Zeit geworden ist. Selbst wenn man die Annahme akzeptiert, da\u00df bei der Klimaerw\u00e4rmung alles oder fast alles am CO2 liegt (und das kann man mit guten Gr\u00fcnden auch anders sehen!), bleibt es eine Tatsache, da\u00df Deutschland f\u00fcr gerade einmal 2% des weltweiten CO2-Aussto\u00dfes verantwortlich ist. Alle deutschen Ma\u00dfnahmen zur &#8222;Klimarettung&#8220; zusammen haben also eine Wirkung, die praktisch gleich Null ist. &#8222;Aber wir gehen mit gutem Beispiel voran!&#8220;, rufen mir dann die Klimaretter zu. Ja, Pustekuchen. In unseren Nachbarl\u00e4ndern denkt niemand daran, seine Kohle- und Atomkraftwerke aus Liebe zu Deutschland oder aus Liebe zum Klima abzubauen. Auch deshalb stehen jetzt fast alle unsere Nachbarn wirtschaftlich besser da als Deutschland. Den Energiebedarf einer gro\u00dfen Industrienation allein mit Wind und Sonne verl\u00e4\u00dflich decken zu wollen &#8211; das ist eine Idee aus dem gr\u00fcnen Narrenhaus. Und solchem Unsinn l\u00e4uft ausgerechnet die alte Arbeiterpartei SPD hinterher. Es ist kaum zu fassen.<\/p>\n\n\n\n<p>Tr\u00f6stlich immerhin: es war des Kanzlers letzter Wumms. Und viele Gesichter aus dem Kabinett wird man demn\u00e4chst nicht mehr ertragen m\u00fcssen. <\/p>\n","protected":false},"excerpt":{"rendered":"<p>Da sitzt man im Fernsehsessel und will in Ruhe im ZDF &#8222;XY ungel\u00f6st&#8220; schauen &#8211; und dann passiert es: mitten in einem Kriminalfall taucht auf dem Bildschirm die Laufschrift &#8222;Scholz hat Lindner entlassen&#8220; auf, dann folgt die Ank\u00fcndigung, da\u00df die &hellip; <a href=\"http:\/\/antibarbarus.de\/?p=23309\">Weiterlesen <span class=\"meta-nav\">&rarr;<\/span><\/a><\/p>\n","protected":false},"author":1,"featured_media":0,"comment_status":"open","ping_status":"open","sticky":false,"template":"","format":"standard","meta":{"footnotes":""},"categories":[4,11,12,8],"tags":[],"class_list":["post-23309","post","type-post","status-publish","format-standard","hentry","category-die-grune-bewegung","category-fernsehen","category-politik","category-windkraftanlagen"],"_links":{"self":[{"href":"http:\/\/antibarbarus.de\/index.php?rest_route=\/wp\/v2\/posts\/23309","targetHints":{"allow":["GET"]}}],"collection":[{"href":"http:\/\/antibarbarus.de\/index.php?rest_route=\/wp\/v2\/posts"}],"about":[{"href":"http:\/\/antibarbarus.de\/index.php?rest_route=\/wp\/v2\/types\/post"}],"author":[{"embeddable":true,"href":"http:\/\/antibarbarus.de\/index.php?rest_route=\/wp\/v2\/users\/1"}],"replies":[{"embeddable":true,"href":"http:\/\/antibarbarus.de\/index.php?rest_route=%2Fwp%2Fv2%2Fcomments&post=23309"}],"version-history":[{"count":7,"href":"http:\/\/antibarbarus.de\/index.php?rest_route=\/wp\/v2\/posts\/23309\/revisions"}],"predecessor-version":[{"id":23316,"href":"http:\/\/antibarbarus.de\/index.php?rest_route=\/wp\/v2\/posts\/23309\/revisions\/23316"}],"wp:attachment":[{"href":"http:\/\/antibarbarus.de\/index.php?rest_route=%2Fwp%2Fv2%2Fmedia&parent=23309"}],"wp:term":[{"taxonomy":"category","embeddable":true,"href":"http:\/\/antibarbarus.de\/index.php?rest_route=%2Fwp%2Fv2%2Fcategories&post=23309"},{"taxonomy":"post_tag","embeddable":true,"href":"http:\/\/antibarbarus.de\/index.php?rest_route=%2Fwp%2Fv2%2Ftags&post=23309"}],"curies":[{"name":"wp","href":"https:\/\/api.w.org\/{rel}","templated":true}]}}