{"id":23231,"date":"2024-09-09T14:22:53","date_gmt":"2024-09-09T12:22:53","guid":{"rendered":"http:\/\/antibarbarus.de\/?p=23231"},"modified":"2024-09-11T13:33:12","modified_gmt":"2024-09-11T11:33:12","slug":"jetzt-auch-vw-das-e-auto-eine-katastrophaler-irrweg-der-deutschen-industriegeschichte","status":"publish","type":"post","link":"http:\/\/antibarbarus.de\/?p=23231","title":{"rendered":"Jetzt auch VW! Das E-Auto &#8211; eine katastrophaler Irrweg der deutschen Industriegeschichte"},"content":{"rendered":"\n<p>Die Biomarkt-Kette Alnatura, so las man vor einigen Tagen in der F.A.Z., stellt zum Ende des Monats ihren Lieferdienst ein. Warum?<\/p>\n\n\n\n<blockquote class=\"wp-block-quote is-layout-flow wp-block-quote-is-layout-flow\">\n<p>Nach Berichten der &#8222;Lebensmittelzeitung&#8220; soll es Probleme mit den elektrischen Lieferfahrzeugen des belgischen Herstellers Addax geben, mit denen der H\u00e4ndler die letzte Meile bei den Lieferungen bestreitet. <\/p>\n<\/blockquote>\n\n\n\n<p>Diese Meldung reiht sich ein in eine lange Kette \u00e4hnlicher Meldungen. E-Busse, Dienstwagen mit E-Antrieb, Mietwagen &#8211; kaum einer will sie mehr haben. Zum Mietwagenmarkt liest man: &#8222;Sixt, Hertz und Co. trennen sich von Elektroautos&#8220;, neue E-Autos werden auch nicht mehr angeschafft. Nur noch St\u00e4dte und Verwaltungen, in denen die Gr\u00fcnen \u00fcber gen\u00fcgend politische Macht verf\u00fcgen, bleiben deren Hirngespinst von der umweltfreundlichen &#8222;Elektromobilit\u00e4t&#8220; treu.<\/p>\n\n\n\n<p>Dieser Weg war von Anfang an grundfalsch und wurde nur mit Unwahrheiten \u00fcber den \u00f6kologischen Wert dieser Autos &#8211; und mit gewaltigen F\u00f6rdermitteln aus unseren Steuergeldern! &#8211; eine Zeitlang sch\u00f6ngeredet. Am Ende aber hat der Markt entschieden. Wenn ein kleiner Fiat 500 mit E-Antrieb um die 30.000 \u20ac kostet und ein Mittelklassewagen 50.000 oder 60.000 \u20ac, dann wei\u00df man, welche Klientel man da im Auge hat. Und selbst von denen kaufen die meisten, wenn sie schon so viel Geld in die Hand nehmen, lieber einen gut ausgestatteten SUV. Mit dem kann man n\u00e4mlich auch spontan und ohne umst\u00e4ndliche Planung auf eine l\u00e4ngere Reise gehen. Und man kann ihn jederzeit als Gebrauchtwagen wieder verkaufen, w\u00e4hrend ein E-Auto, dessen Batterie sich dem Ende ihrer Lebenszeit zuneigt, praktisch unverk\u00e4uflich sein d\u00fcrfte. F\u00fcr die vielen jungen und alten Menschen, die nicht viel Geld haben und jetzt immerhin noch f\u00fcr ein paar tausend zusammengesparte Euro einen \u00e4lteren Gebrauchtwagen erwerben k\u00f6nnen, w\u00e4re der Traum vom eigenen Auto f\u00fcr immer ausgetr\u00e4umt. Und wenn ich mir jetzt einmal anschaue, wie dringend wir als alte Menschen allein schon wegen der vielen Arzttermine jede Woche auf das eigene Auto angewiesen sind, dann finde ich die Politik der Gr\u00fcnen zynisch und asozial.<\/p>\n\n\n\n<p>Besonders besch\u00e4mend ist aber, wie leichtfertig &#8211; <em>str\u00e4flich leichtfertig!<\/em> &#8211; das Management fast aller gro\u00dfen deutschen Autohersteller unsere traditonell mit Benzin und Diesel betriebenen, auf der ganzen Welt gesch\u00e4tzten, ausgereiften (und \u00fcbrigens immer schadstoff\u00e4rmeren!) Autos zur Seite geschoben hat. Es konnte ihnen gar nicht schnell genug gehen mit der Umstellung auf die Elektromobilit\u00e4t. Jetzt haben sie den Salat. Auch Elon Musk wird das noch sp\u00fcren &#8211; es w\u00fcrde mich nicht wundern, wenn seine Gigafactory in Brandenburg irgendwann einmal, mit katastrophalen sozialen Folgen f\u00fcr die Bev\u00f6lkerung, als Industrieruine von der Natur \u00fcberwuchert w\u00fcrde.<\/p>\n","protected":false},"excerpt":{"rendered":"<p>Die Biomarkt-Kette Alnatura, so las man vor einigen Tagen in der F.A.Z., stellt zum Ende des Monats ihren Lieferdienst ein. Warum? Nach Berichten der &#8222;Lebensmittelzeitung&#8220; soll es Probleme mit den elektrischen Lieferfahrzeugen des belgischen Herstellers Addax geben, mit denen der &hellip; <a href=\"http:\/\/antibarbarus.de\/?p=23231\">Weiterlesen <span class=\"meta-nav\">&rarr;<\/span><\/a><\/p>\n","protected":false},"author":1,"featured_media":0,"comment_status":"open","ping_status":"open","sticky":false,"template":"","format":"standard","meta":{"footnotes":""},"categories":[4,12],"tags":[],"class_list":["post-23231","post","type-post","status-publish","format-standard","hentry","category-die-grune-bewegung","category-politik"],"_links":{"self":[{"href":"http:\/\/antibarbarus.de\/index.php?rest_route=\/wp\/v2\/posts\/23231","targetHints":{"allow":["GET"]}}],"collection":[{"href":"http:\/\/antibarbarus.de\/index.php?rest_route=\/wp\/v2\/posts"}],"about":[{"href":"http:\/\/antibarbarus.de\/index.php?rest_route=\/wp\/v2\/types\/post"}],"author":[{"embeddable":true,"href":"http:\/\/antibarbarus.de\/index.php?rest_route=\/wp\/v2\/users\/1"}],"replies":[{"embeddable":true,"href":"http:\/\/antibarbarus.de\/index.php?rest_route=%2Fwp%2Fv2%2Fcomments&post=23231"}],"version-history":[{"count":8,"href":"http:\/\/antibarbarus.de\/index.php?rest_route=\/wp\/v2\/posts\/23231\/revisions"}],"predecessor-version":[{"id":23243,"href":"http:\/\/antibarbarus.de\/index.php?rest_route=\/wp\/v2\/posts\/23231\/revisions\/23243"}],"wp:attachment":[{"href":"http:\/\/antibarbarus.de\/index.php?rest_route=%2Fwp%2Fv2%2Fmedia&parent=23231"}],"wp:term":[{"taxonomy":"category","embeddable":true,"href":"http:\/\/antibarbarus.de\/index.php?rest_route=%2Fwp%2Fv2%2Fcategories&post=23231"},{"taxonomy":"post_tag","embeddable":true,"href":"http:\/\/antibarbarus.de\/index.php?rest_route=%2Fwp%2Fv2%2Ftags&post=23231"}],"curies":[{"name":"wp","href":"https:\/\/api.w.org\/{rel}","templated":true}]}}