{"id":23078,"date":"2024-05-09T18:02:54","date_gmt":"2024-05-09T16:02:54","guid":{"rendered":"http:\/\/antibarbarus.de\/?p=23078"},"modified":"2024-05-09T18:02:54","modified_gmt":"2024-05-09T16:02:54","slug":"martin-walser-und-die-schwarzen-raben","status":"publish","type":"post","link":"http:\/\/antibarbarus.de\/?p=23078","title":{"rendered":"Martin Walser und die schwarzen Raben"},"content":{"rendered":"\n<p>Ich habe ein zwiesp\u00e4ltiges Verh\u00e4ltnis zu Walsers Romanen, aber ein Zitat des Dichters aus dem Jahr 1994, das ich k\u00fcrzlich in einem Zeitungsartikel entdeckt habe, zeigt, wie sprachm\u00e4chtig er war:<\/p>\n\n\n\n<blockquote class=\"wp-block-quote is-layout-flow wp-block-quote-is-layout-flow\">\n<p>Von gelegentlichen Besuchen in deutschen Feuilleton-Quartieren wei\u00df ich, da\u00df man in diesen R\u00e4umen da, wo wir Vorh\u00e4nge haben, Schw\u00e4rme schwarzer Raben hin und herfliegen l\u00e4\u00dft, um das im \u00dcbrigen gl\u00e4nzende Dasein ein bi\u00dfchen eind\u00fcstern zu k\u00f6nnen. <\/p>\n<\/blockquote>\n","protected":false},"excerpt":{"rendered":"<p>Ich habe ein zwiesp\u00e4ltiges Verh\u00e4ltnis zu Walsers Romanen, aber ein Zitat des Dichters aus dem Jahr 1994, das ich k\u00fcrzlich in einem Zeitungsartikel entdeckt habe, zeigt, wie sprachm\u00e4chtig er war: Von gelegentlichen Besuchen in deutschen Feuilleton-Quartieren wei\u00df ich, da\u00df man &hellip; <a href=\"http:\/\/antibarbarus.de\/?p=23078\">Weiterlesen <span class=\"meta-nav\">&rarr;<\/span><\/a><\/p>\n","protected":false},"author":1,"featured_media":0,"comment_status":"open","ping_status":"open","sticky":false,"template":"","format":"standard","meta":{"footnotes":""},"categories":[9],"tags":[],"class_list":["post-23078","post","type-post","status-publish","format-standard","hentry","category-die-deutsche-sprache"],"_links":{"self":[{"href":"http:\/\/antibarbarus.de\/index.php?rest_route=\/wp\/v2\/posts\/23078","targetHints":{"allow":["GET"]}}],"collection":[{"href":"http:\/\/antibarbarus.de\/index.php?rest_route=\/wp\/v2\/posts"}],"about":[{"href":"http:\/\/antibarbarus.de\/index.php?rest_route=\/wp\/v2\/types\/post"}],"author":[{"embeddable":true,"href":"http:\/\/antibarbarus.de\/index.php?rest_route=\/wp\/v2\/users\/1"}],"replies":[{"embeddable":true,"href":"http:\/\/antibarbarus.de\/index.php?rest_route=%2Fwp%2Fv2%2Fcomments&post=23078"}],"version-history":[{"count":2,"href":"http:\/\/antibarbarus.de\/index.php?rest_route=\/wp\/v2\/posts\/23078\/revisions"}],"predecessor-version":[{"id":23080,"href":"http:\/\/antibarbarus.de\/index.php?rest_route=\/wp\/v2\/posts\/23078\/revisions\/23080"}],"wp:attachment":[{"href":"http:\/\/antibarbarus.de\/index.php?rest_route=%2Fwp%2Fv2%2Fmedia&parent=23078"}],"wp:term":[{"taxonomy":"category","embeddable":true,"href":"http:\/\/antibarbarus.de\/index.php?rest_route=%2Fwp%2Fv2%2Fcategories&post=23078"},{"taxonomy":"post_tag","embeddable":true,"href":"http:\/\/antibarbarus.de\/index.php?rest_route=%2Fwp%2Fv2%2Ftags&post=23078"}],"curies":[{"name":"wp","href":"https:\/\/api.w.org\/{rel}","templated":true}]}}