{"id":23,"date":"2011-04-03T20:26:12","date_gmt":"2011-04-03T20:26:12","guid":{"rendered":"http:\/\/antibarbarus.de\/?p=23"},"modified":"2011-04-03T20:26:12","modified_gmt":"2011-04-03T20:26:12","slug":"selektive-sensibilitat","status":"publish","type":"post","link":"http:\/\/antibarbarus.de\/?p=23","title":{"rendered":"Selektive Sensibilit\u00e4t"},"content":{"rendered":"<div>\n<p>Nur ein paar S\u00e4tze dazu, liebe Gr\u00fcne!<\/p>\n<p>Ihr seid entr\u00fcstet, emp\u00f6rt, ja ganz und gar schockiert, sobald \u00fcber  den Islam ein b\u00f6ses Wort gesagt wird. F\u00fcr Euch sind die Muslime offenbar  das, was im 18. Jahrhundert die edlen Wilden waren, die <em>noble savages.<\/em> Das aber haben sie wirklich nicht verdient, und sie k\u00f6nnen sich im  \u00fcbrigen, wie jeder wei\u00df, sehr gut selbst wehren. Sie haben das  K\u00fcnastsche Entr\u00fcstungs- und Leichenbittergesicht nicht n\u00f6tig.<\/p>\n<p>Ich vermisse nur die gleiche Emp\u00f6rung, das gleiche bitterb\u00f6se\u00a0  Gesicht von K\u00fcnast, Trittin (auch von Wowereit und Genossen), wenn es um  Angriffe gegen das <strong>Christentum <\/strong>geht. Da darf man ja  bei uns buchst\u00e4blich alles, jede Verunglimpfung, jede Roheit ist erlaubt  (Freiheit der Kunst!), das alles nennt sich dann Aufkl\u00e4rung, s\u00e4kulare  Vernunft, Trennung von Kirche und Staat. Die Gr\u00fcnen scheinen die  Schirmherrschaft \u00fcber alle Religionen der Welt \u00fcbernommen zu haben \u2013 nur  nicht \u00fcber das Christentum. Da ist man auf eine seltsame Art  gleichg\u00fcltig, da stellt man sich blind und taub.  Menschenrechtsverletzungen gegen Lesben und Schwule, Folteropfer  (G\u00e4fgen!), Tschetschenen, Buddhisten \u2013 da kommt postwendend eine  Presseerkl\u00e4rung.<\/p>\n<p>Aber Christen? Die sind f\u00fcr unsere Gr\u00fcnen irgendwie nicht da. Es  d\u00fcrfte sie eigentlich gar nicht mehr geben, nach Aufkl\u00e4rung, Marx \u2013 und  Dawkins.<\/p>\n<p>Mit der Sensibilit\u00e4t verh\u00e4lt es sich bei den Gr\u00fcnen wie folgt: sie  ist sehr selektiv. Sie ist so selektiv, da\u00df vom gr\u00fcnen Mitgef\u00fchl schon  so viel an exotische Gruppen ausgeteilt worden ist, da\u00df f\u00fcr die  Christenmenschen \u2013 leider, leider! \u2013 nichts mehr \u00fcbrig ist.<\/p>\n<\/div>\n","protected":false},"excerpt":{"rendered":"<p>Nur ein paar S\u00e4tze dazu, liebe Gr\u00fcne! Ihr seid entr\u00fcstet, emp\u00f6rt, ja ganz und gar schockiert, sobald \u00fcber den Islam ein b\u00f6ses Wort gesagt wird. F\u00fcr Euch sind die Muslime offenbar das, was im 18. Jahrhundert die edlen Wilden waren, &hellip; <a href=\"http:\/\/antibarbarus.de\/?p=23\">Weiterlesen <span class=\"meta-nav\">&rarr;<\/span><\/a><\/p>\n","protected":false},"author":1,"featured_media":0,"comment_status":"open","ping_status":"open","sticky":false,"template":"","format":"standard","meta":{"footnotes":""},"categories":[3,4,5],"tags":[],"class_list":["post-23","post","type-post","status-publish","format-standard","hentry","category-christentum","category-die-grune-bewegung","category-islam"],"_links":{"self":[{"href":"http:\/\/antibarbarus.de\/index.php?rest_route=\/wp\/v2\/posts\/23","targetHints":{"allow":["GET"]}}],"collection":[{"href":"http:\/\/antibarbarus.de\/index.php?rest_route=\/wp\/v2\/posts"}],"about":[{"href":"http:\/\/antibarbarus.de\/index.php?rest_route=\/wp\/v2\/types\/post"}],"author":[{"embeddable":true,"href":"http:\/\/antibarbarus.de\/index.php?rest_route=\/wp\/v2\/users\/1"}],"replies":[{"embeddable":true,"href":"http:\/\/antibarbarus.de\/index.php?rest_route=%2Fwp%2Fv2%2Fcomments&post=23"}],"version-history":[{"count":1,"href":"http:\/\/antibarbarus.de\/index.php?rest_route=\/wp\/v2\/posts\/23\/revisions"}],"predecessor-version":[{"id":24,"href":"http:\/\/antibarbarus.de\/index.php?rest_route=\/wp\/v2\/posts\/23\/revisions\/24"}],"wp:attachment":[{"href":"http:\/\/antibarbarus.de\/index.php?rest_route=%2Fwp%2Fv2%2Fmedia&parent=23"}],"wp:term":[{"taxonomy":"category","embeddable":true,"href":"http:\/\/antibarbarus.de\/index.php?rest_route=%2Fwp%2Fv2%2Fcategories&post=23"},{"taxonomy":"post_tag","embeddable":true,"href":"http:\/\/antibarbarus.de\/index.php?rest_route=%2Fwp%2Fv2%2Ftags&post=23"}],"curies":[{"name":"wp","href":"https:\/\/api.w.org\/{rel}","templated":true}]}}