{"id":2207,"date":"2011-09-23T12:59:38","date_gmt":"2011-09-23T10:59:38","guid":{"rendered":"http:\/\/antibarbarus.de\/?p=2207"},"modified":"2011-09-23T12:59:38","modified_gmt":"2011-09-23T10:59:38","slug":"strobele-oder-ein-mann-geht-seinen-weg","status":"publish","type":"post","link":"http:\/\/antibarbarus.de\/?p=2207","title":{"rendered":"Str\u00f6bele oder: Ein Mann geht seinen Weg"},"content":{"rendered":"<p>Sein Weg f\u00fchrte ihn gestern zu den T\u00fcren des Plenarsaals des Deutschen Bundestags &#8211; als einiziger Abgeordneter verlie\u00df er in Anwesenheit des Papstes den Saal. Das wird allm\u00e4hlich ein bi\u00dfchen langweilig, denn auch bei Bush und Putin soll er, wie man liest, demonstrativ den Saal verlassen haben. Bizarr ist freilich seine Begr\u00fcndung: der Applaus f\u00fcr den Papst sei zu heftig gewesen.<\/p>\n<p>Wer die politische Lebensgeschichte von Str\u00f6bele kennt, wei\u00df es besser. Er vertritt die trotzige linke Betonfraktion innerhalb der Gr\u00fcnen. Von der Natur und ihrer Bewahrung habe ich von diesem &#8222;Gr\u00fcnen&#8220; noch wenig geh\u00f6rt (da h\u00e4tte er, w\u00e4re er sitzengeblieben, viel vom Papst lernen k\u00f6nnen).<\/p>\n<p>Ich habe ihn hin und wieder in Fernsehdiskussionen erlebt, und immer hat er sich der Realit\u00e4t konsequent verweigert. Wenn andere Gespr\u00e4chsteilnehmer aus dem wirklichen Leben\u00a0(z.B. an den Berliner Schulen) berichtet haben, hat er immer nur starr seine ideologischen Standpunkte bekr\u00e4ftigt, die wie einzementiert wirken. Er ist &#8211; wenn auch auf ganz andere Weise &#8211; genauso unbelehrbar wie die RAF-Terroristen, die er fr\u00fcher als Mitglied des Sozialistischen Anwaltskollektivs verteidigt hat.<\/p>\n<p>Str\u00f6bele hat die klugen Worte des Papstes \u00fcber Natur und Sch\u00f6pfung nicht mehr geh\u00f6rt (da war er schon drau\u00dfen bei den Schwulen und Lesben, unter denen er sich wohler f\u00fchlt.) Deshalb will ich die wichtigsten S\u00e4tze Benedikts hier einmal im Wortlaut zitieren:<\/p>\n<blockquote><p>Jungen Menschen war bewu\u00dft geworden, da\u00df irgend etwas in unserem Umgang mit der Natur nicht stimmt. Da\u00df Materie nicht nur Material f\u00fcr unser Machen ist, sondern da\u00df die Erde selbst ihre W\u00fcrde in sich tr\u00e4gt und wir ihrer Weisung folgen m\u00fcssen.<\/p>\n<p>Die Bedeutung der \u00d6kologie ist inzwischen unbestritten. Wir m\u00fcssen auf die Sprache der Natur h\u00f6ren und entsprechend antworten.<\/p>\n<p>Ich m\u00f6chte aber nachdr\u00fccklich einen Punkt ansprechen, der nach wie vor \u2013 wie mir scheint \u2013ausgeklammert wird: Es gibt auch eine \u00d6kologie des Menschen. Auch der Mensch hat eine Natur, die er achten mu\u00df und die er nicht beliebig manipulieren kann. Der Mensch ist nicht nur sich selbst machende Freiheit. Der Mensch macht sich nicht selbst. Er ist Geist und Wille, aber er ist auch Natur, und sein Wille ist dann recht, wenn er auf die Natur achtet, sie h\u00f6rt und sich annimmt als der, der er ist und der sich nicht selbst gemacht hat. Gerade so und nur so vollzieht sich wahre menschliche Freiheit.<\/p><\/blockquote>\n<p>Das ist ein Naturbegriff, der in der heutigen nur noch technisch-ingenieurhaft ausgerichteten F\u00fchrungsschicht der Gr\u00fcnen praktisch nicht mehr vorhanden ist. Die Gr\u00fcnen sind blo\u00dfe Macher geworden, ohne Tiefe, ohne geistige Gr\u00fcndlichkeit. Da\u00df ausgerechnet der Papst ihnen einen Spiegel vorh\u00e4lt und sie an den philosophischen Reichtum ihrer Anfangszeit erinnert, ist nicht ohne Pikanterie. Es zeigt auf jeden Fall den geistigen Niedergang der Gr\u00fcnen, der sich schleichend \u00fcber die Jahrzehnte hin vollzogen hat. Es ist ein schmerzlicher Verlust, und die Hoffnung, da\u00df sich von der Basis her, wo vieles noch da ist, was die F\u00fchrung lange <em>ad acta<\/em> gelegt hat, da\u00df sich also von unten doch noch etwas \u00e4ndern wird, ist nicht sehr gro\u00df.<\/p>\n<p>Bei Str\u00f6bele und seinen Genossen, f\u00fcr die die Gr\u00fcnen damals nun wirklich keine Herzensangelegenheit waren, eher eine Art Auffangbecken, ein Vehikel, um politischen Einflu\u00df zu bekommen, hat die Bewahrung der Natur wohl nie eine sonderliche Rolle gespielt.<\/p>\n<p>Aber es ist nicht weiter schlimm, da\u00df Str\u00f6bele (zusammen mit vielen Linken) vor den Worten des Papstes gefl\u00fcchtet ist. So verstockt, wie er ist, w\u00e4ren die Samenk\u00f6rner des Papstes sicher nicht auf fruchtbaren Boden gefallen.<\/p>\n","protected":false},"excerpt":{"rendered":"<p>Sein Weg f\u00fchrte ihn gestern zu den T\u00fcren des Plenarsaals des Deutschen Bundestags &#8211; als einiziger Abgeordneter verlie\u00df er in Anwesenheit des Papstes den Saal. Das wird allm\u00e4hlich ein bi\u00dfchen langweilig, denn auch bei Bush und Putin soll er, wie &hellip; <a href=\"http:\/\/antibarbarus.de\/?p=2207\">Weiterlesen <span class=\"meta-nav\">&rarr;<\/span><\/a><\/p>\n","protected":false},"author":1,"featured_media":0,"comment_status":"open","ping_status":"open","sticky":false,"template":"","format":"standard","meta":{"footnotes":""},"categories":[3,4,12],"tags":[],"class_list":["post-2207","post","type-post","status-publish","format-standard","hentry","category-christentum","category-die-grune-bewegung","category-politik"],"_links":{"self":[{"href":"http:\/\/antibarbarus.de\/index.php?rest_route=\/wp\/v2\/posts\/2207","targetHints":{"allow":["GET"]}}],"collection":[{"href":"http:\/\/antibarbarus.de\/index.php?rest_route=\/wp\/v2\/posts"}],"about":[{"href":"http:\/\/antibarbarus.de\/index.php?rest_route=\/wp\/v2\/types\/post"}],"author":[{"embeddable":true,"href":"http:\/\/antibarbarus.de\/index.php?rest_route=\/wp\/v2\/users\/1"}],"replies":[{"embeddable":true,"href":"http:\/\/antibarbarus.de\/index.php?rest_route=%2Fwp%2Fv2%2Fcomments&post=2207"}],"version-history":[{"count":8,"href":"http:\/\/antibarbarus.de\/index.php?rest_route=\/wp\/v2\/posts\/2207\/revisions"}],"predecessor-version":[{"id":2218,"href":"http:\/\/antibarbarus.de\/index.php?rest_route=\/wp\/v2\/posts\/2207\/revisions\/2218"}],"wp:attachment":[{"href":"http:\/\/antibarbarus.de\/index.php?rest_route=%2Fwp%2Fv2%2Fmedia&parent=2207"}],"wp:term":[{"taxonomy":"category","embeddable":true,"href":"http:\/\/antibarbarus.de\/index.php?rest_route=%2Fwp%2Fv2%2Fcategories&post=2207"},{"taxonomy":"post_tag","embeddable":true,"href":"http:\/\/antibarbarus.de\/index.php?rest_route=%2Fwp%2Fv2%2Ftags&post=2207"}],"curies":[{"name":"wp","href":"https:\/\/api.w.org\/{rel}","templated":true}]}}