{"id":22039,"date":"2021-12-07T14:16:13","date_gmt":"2021-12-07T13:16:13","guid":{"rendered":"http:\/\/antibarbarus.de\/?p=22039"},"modified":"2021-12-08T13:55:29","modified_gmt":"2021-12-08T12:55:29","slug":"das-kabinett-scholz-hauptsache-frau","status":"publish","type":"post","link":"http:\/\/antibarbarus.de\/?p=22039","title":{"rendered":"Das Kabinett Scholz: Hauptsache Frau!"},"content":{"rendered":"\n<p>Die Au\u00dfen- und Sicherheitspolitik wird in den n\u00e4chsten Jahren vor enormen Herausforderungen stehen. Ru\u00dfland und China betreiben eine immer aggressivere und auf milit\u00e4rische Expansion zielende Politik, und selbst in der EU haben sich autorit\u00e4re Regierungen etabliert, die hinter einer demokratischen Fassade immer schamloser die freie Presse und die unabh\u00e4ngige Justiz ausschalten.<\/p>\n\n\n\n<p>Wenn man da bestehen und die Interessen unseres Landes und des freien Westens wirksam und kraftvoll vertreten will, braucht es Politiker mit Statur und gro\u00dfer Erfahrung. Das Schicksal unseres Landes in diesen Zeiten in die H\u00e4nde von Leichtgewichten wie Annalena Baerbock und Christine Lambrecht zu legen &#8211; nach dem Motto &#8222;Hauptsache Frau!&#8220; &#8211; kann Deutschland teuer zu stehen kommen. <\/p>\n\n\n\n<p>Von Karl Lauterbach gar nicht zu reden. <\/p>\n","protected":false},"excerpt":{"rendered":"<p>Die Au\u00dfen- und Sicherheitspolitik wird in den n\u00e4chsten Jahren vor enormen Herausforderungen stehen. Ru\u00dfland und China betreiben eine immer aggressivere und auf milit\u00e4rische Expansion zielende Politik, und selbst in der EU haben sich autorit\u00e4re Regierungen etabliert, die hinter einer demokratischen &hellip; <a href=\"http:\/\/antibarbarus.de\/?p=22039\">Weiterlesen <span class=\"meta-nav\">&rarr;<\/span><\/a><\/p>\n","protected":false},"author":1,"featured_media":0,"comment_status":"open","ping_status":"open","sticky":false,"template":"","format":"standard","meta":{"footnotes":""},"categories":[4,12],"tags":[],"class_list":["post-22039","post","type-post","status-publish","format-standard","hentry","category-die-grune-bewegung","category-politik"],"_links":{"self":[{"href":"http:\/\/antibarbarus.de\/index.php?rest_route=\/wp\/v2\/posts\/22039","targetHints":{"allow":["GET"]}}],"collection":[{"href":"http:\/\/antibarbarus.de\/index.php?rest_route=\/wp\/v2\/posts"}],"about":[{"href":"http:\/\/antibarbarus.de\/index.php?rest_route=\/wp\/v2\/types\/post"}],"author":[{"embeddable":true,"href":"http:\/\/antibarbarus.de\/index.php?rest_route=\/wp\/v2\/users\/1"}],"replies":[{"embeddable":true,"href":"http:\/\/antibarbarus.de\/index.php?rest_route=%2Fwp%2Fv2%2Fcomments&post=22039"}],"version-history":[{"count":4,"href":"http:\/\/antibarbarus.de\/index.php?rest_route=\/wp\/v2\/posts\/22039\/revisions"}],"predecessor-version":[{"id":22043,"href":"http:\/\/antibarbarus.de\/index.php?rest_route=\/wp\/v2\/posts\/22039\/revisions\/22043"}],"wp:attachment":[{"href":"http:\/\/antibarbarus.de\/index.php?rest_route=%2Fwp%2Fv2%2Fmedia&parent=22039"}],"wp:term":[{"taxonomy":"category","embeddable":true,"href":"http:\/\/antibarbarus.de\/index.php?rest_route=%2Fwp%2Fv2%2Fcategories&post=22039"},{"taxonomy":"post_tag","embeddable":true,"href":"http:\/\/antibarbarus.de\/index.php?rest_route=%2Fwp%2Fv2%2Ftags&post=22039"}],"curies":[{"name":"wp","href":"https:\/\/api.w.org\/{rel}","templated":true}]}}