{"id":22014,"date":"2021-12-04T02:34:18","date_gmt":"2021-12-04T01:34:18","guid":{"rendered":"http:\/\/antibarbarus.de\/?p=22014"},"modified":"2021-12-05T12:30:10","modified_gmt":"2021-12-05T11:30:10","slug":"sensationelle-enthuellung-kai-karotte-ist-ein-hetero","status":"publish","type":"post","link":"http:\/\/antibarbarus.de\/?p=22014","title":{"rendered":"Sensationelle Enth\u00fcllung &#8211; Kai Karotte ist ein Hetero!"},"content":{"rendered":"\n<p>Kennen Sie &#8222;wmn&#8220;? Nein? Dann sind Sie vermutlich wie ich Mitglied der gro\u00dfen Mehrheitsbev\u00f6lkerung. &#8222;Wmn&#8220; (vermutlich durch Schrumpfung aus <em>woman <\/em>oder <em>women <\/em>gebildet) ist ein Versuch der Funke Mediengruppe, mit jungen Frauen und ein bi\u00dfchen Pseudofeminismus Geld zu verdienen. Aber h\u00f6ren wir einmal, wie sich <em>wmn <\/em>selbst beschreibt: <\/p>\n\n\n\n<blockquote class=\"wp-block-quote is-layout-flow wp-block-quote-is-layout-flow\"><p>Wir behandeln aktuelle Themen zu Lifestyle, Sex &amp; Liebe, Beauty &amp; Gesundheit, Business &amp; Job, sowie Familie &amp; Partnerschaft. Wir stehen f\u00fcr (Selbst-)Bewusstsein, Emanzipation und Selbstverwirklichung. Bei den wichtigsten Entscheidungen im Leben wollen wir jungen Frauen zur Seite stehen. Wir stellen Fragen. Wir sind offen und mutig. Wir stehen zu unserem Wort. Wir wollen kein Schwarzwei\u00df. Wir suchen die richtige Balance. Wir wollen lernen. Wir lieben uns so, wie wir sind. wir sind wmn.<\/p><\/blockquote>\n\n\n\n<p>Also: ich bin nicht <em>wmn<\/em>, ich bin nur <em>mn<\/em>. Aber selbst ich <em>wmn<\/em> w\u00e4re, w\u00fcrde ich mich f\u00fcr diesen Funke&#8217;schen Marketing- und Werbe-Jargon richtig sch\u00e4men. Und erst recht f\u00fcr den Artikel der wmn-&#8222;Redakteurin&#8220; Mona Sch\u00e4ffer:<\/p>\n\n\n\n<blockquote class=\"wp-block-quote is-layout-flow wp-block-quote-is-layout-flow\"><p>Aldi-M\u00f6hrenfamilie: Der Discounter hat eine Chance zur Integration verpasst.<\/p><\/blockquote>\n\n\n\n<p>Ja, was war denn da los? Schon seit l\u00e4ngerem bev\u00f6lkern seltsame Karotten jeden Aldi-Prospekt. Sie hei\u00dfen Kai und Karla Karotte und haben drei Kinder: Michel, Mia und Merle. Da\u00df es sich um ziemlich bescheuerte Maskottchen handelt, sieht man auf den ersten Blick. Aufgrund einer zunehmenden Infantilit\u00e4t unter Erwachsenen kann es aber durchaus sein, da\u00df die munteren M\u00f6hren auf freudige Zustimmung sto\u00dfen und bald ihre eigene Fangemeinde haben. Auch Mona Sch\u00e4ffer gibt zu, da\u00df es sich hier um &#8222;eine wirklich niedliche Familie&#8220; handelt. <\/p>\n\n\n\n<p>Aber dann legt die Redakteurin los:  <\/p>\n\n\n\n<blockquote class=\"wp-block-quote is-layout-flow wp-block-quote-is-layout-flow\"><p>Ein traditionelles Elternhaus mit einem Papa und einer Mama. Dazu drei gl\u00fcckliche und wohlerzogene Kinder. Doch ist das eigentlich noch zeitgem\u00e4\u00df?<\/p><\/blockquote>\n\n\n\n<p>Eine Frage, die sich bei ihr eigentlich von selbst beantwortet, aber weil ja wom\u00f6glich nicht jede <em>wmn<\/em>-Leserin den geistigen H\u00f6henfl\u00fcgen der <em>wmn-<\/em>Redaktion folgen kann, wird Mona Sch\u00e4ffer deutlicher:<\/p>\n\n\n\n<blockquote class=\"wp-block-quote is-layout-flow wp-block-quote-is-layout-flow\"><p>Traditionelle Rollenbilder einer \u201eklassischen\u201c Familie<strong> <\/strong>geh\u00f6ren nach Ansicht vieler Menschen aus den j\u00fcngeren Generationen in die Vergangenheit. Heute wissen wir darum, dass es ganz normal ist, dass Ehen zwischen zwei Elternteilen scheitern k\u00f6nnen.<\/p><\/blockquote>\n\n\n\n<p>Ach ja, wirklich? Wer h\u00e4tte das gedacht! Wie gut, da\u00df es die Funke Mediengruppe gibt! <\/p>\n\n\n\n<p>Wer jetzt aber meint, das sei alles nur so dahergesagt, den \u00fcberrascht die Redakteurin mit knallharter philologischer Beweisf\u00fchrung und einem Ausflug in die deutsche Grammatik:<\/p>\n\n\n\n<blockquote class=\"wp-block-quote is-layout-flow wp-block-quote-is-layout-flow\"><p>Eine<strong> <\/strong>Ehe zwischen Kai und Karla<strong> <\/strong>deutet auf eine heterosexuelle Beziehung hin. Das sehen wir nicht nur an den traditionell m\u00e4nnlichen (Kai) und weiblichen (Karla) Namen. Wir sehen es auch an den Pronomen \u201esie\u201c und \u201eer\u201c, die Aldi zur Beschreibung der Familie nutzt.<\/p><\/blockquote>\n\n\n\n<p>Wie wahr! Aber &#8211; was will uns die Redakteurin damit eigentlich sagen?<\/p>\n\n\n\n<blockquote class=\"wp-block-quote is-layout-flow wp-block-quote-is-layout-flow\"><p>Queere Menschen machen einen Anteil von gut 15% der Gesamtbev\u00f6lkerung aus. Das ist beinahe jeder sechste Mensch. Meiner Meinung nach Grund genug, um sie auch mal in den Vordergrund zu stellen.<\/p><\/blockquote>\n\n\n\n<p>Stimmt, denn sie stehen ja sonst nirgendwo im Vordergrund! Queere Menschen bev\u00f6lkern zwar seit Jahren jeden Krimi, jede Talkshow, jede Nachrichtensendung, aber das reicht noch lange nicht. Denken Sie einmal nach: wann haben Sie zum letzten Mal einen <em>Tatort <\/em>oder einen <em>Polizeiruf <\/em>ohne schwules oder lesbisches Paar gesehen? Eben. Und wenn nicht queer, dann wenigstens mit Migrationshintergund. Farbige Frauen sind im Krimi zur Zeit besonders beliebt. Wenn ein alter wei\u00dfer Fernsehkommissar oder sein Assistent abtritt, wird er mit gro\u00dfer Wahrscheinlichkeit durch eine Frau mit Migrationshintergrund ersetzt. Das alles hat rein gar nichts mit Gendergerechtigkeit oder &#8222;Sichtbarkeit&#8220; zu tun. Es ist einfach nur peinlich, weil es aufgesetzt wirkt und nichts anderes ist als ein Kotau vor den m\u00e4chtigen einschl\u00e4gigen Lobbygruppen. Ich vermute \u00fcbrigens, da\u00df Drehb\u00fccher (oder Theaterst\u00fccke) ohne &#8222;LGBTI-Personen&#8220; bzw. ohne Menschen mit Migrationshintergrund heutzutage gar nicht mehr angenommen werden. Die Autoren sich diesem Druck offenbar schon gebeugt.  <\/p>\n\n\n\n<p>Aber ich kann mir beim besten Willen nicht vorstellen, da\u00df es einen Schauspieler etwa befriedigt, wenn er wei\u00df, da\u00df er seine Rolle nur wegen seiner Hautfarbe bekommen hat.<\/p>\n\n\n\n<p>Aber zur\u00fcck zu unserer Redakteurin. Die edle Einfalt ihres Artikels ist nat\u00fcrlich auch den Lesern aufgefallen. Die Redaktion meldet mit gekonnter Untertreibung, da\u00df es &#8222;einige Leser:innenmails, Instagram-Nachrichten und Twitter-Comments&#8220; gegeben habe. Drei davon werden zitiert, die Absender (&#8222;Die Namen wurden von mir ge\u00e4ndert&#8220;) hei\u00dfen Emil, Samuel und Janosch. Merkw\u00fcrdig &#8211; alles M\u00e4nnernamen, und das in einer Zeitschrift f\u00fcr junge Frauen!<\/p>\n\n\n\n<p>Aus einem der <em>Leser<\/em>:<em>innenmails <\/em>m\u00f6chte ich am Ende noch ein paar S\u00e4tze zitieren, weil sie zeigen, auf welch hohem Niveau sich auch die <em>Leser<\/em>:<em>innen <\/em>von wmn artikulieren:<\/p>\n\n\n\n<blockquote class=\"wp-block-quote is-layout-flow wp-block-quote-is-layout-flow\"><p>Zwei verheiratete Bisexuelle in einer monogamen Beziehung und meinetwegen auch mit Kindern, k\u00f6nnen weiterhin Bisexuell sein. Oder sind Asexuell, oder Pansexuell oder Omnisexu<em>ell. Klar ist das nicht \u201ein your face\u201c- lesbisch oder schwul, jedoch inklusiv im Biplusumbrella, absolut queer.<\/em><\/p><\/blockquote>\n\n\n\n<p>Ich h\u00e4tte es nicht besser ausdr\u00fccken k\u00f6nnen. <\/p>\n","protected":false},"excerpt":{"rendered":"<p>Kennen Sie &#8222;wmn&#8220;? Nein? Dann sind Sie vermutlich wie ich Mitglied der gro\u00dfen Mehrheitsbev\u00f6lkerung. &#8222;Wmn&#8220; (vermutlich durch Schrumpfung aus woman oder women gebildet) ist ein Versuch der Funke Mediengruppe, mit jungen Frauen und ein bi\u00dfchen Pseudofeminismus Geld zu verdienen. Aber &hellip; <a href=\"http:\/\/antibarbarus.de\/?p=22014\">Weiterlesen <span class=\"meta-nav\">&rarr;<\/span><\/a><\/p>\n","protected":false},"author":1,"featured_media":0,"comment_status":"open","ping_status":"open","sticky":false,"template":"","format":"standard","meta":{"footnotes":""},"categories":[14,9],"tags":[],"class_list":["post-22014","post","type-post","status-publish","format-standard","hentry","category-internet","category-die-deutsche-sprache"],"_links":{"self":[{"href":"http:\/\/antibarbarus.de\/index.php?rest_route=\/wp\/v2\/posts\/22014","targetHints":{"allow":["GET"]}}],"collection":[{"href":"http:\/\/antibarbarus.de\/index.php?rest_route=\/wp\/v2\/posts"}],"about":[{"href":"http:\/\/antibarbarus.de\/index.php?rest_route=\/wp\/v2\/types\/post"}],"author":[{"embeddable":true,"href":"http:\/\/antibarbarus.de\/index.php?rest_route=\/wp\/v2\/users\/1"}],"replies":[{"embeddable":true,"href":"http:\/\/antibarbarus.de\/index.php?rest_route=%2Fwp%2Fv2%2Fcomments&post=22014"}],"version-history":[{"count":19,"href":"http:\/\/antibarbarus.de\/index.php?rest_route=\/wp\/v2\/posts\/22014\/revisions"}],"predecessor-version":[{"id":22034,"href":"http:\/\/antibarbarus.de\/index.php?rest_route=\/wp\/v2\/posts\/22014\/revisions\/22034"}],"wp:attachment":[{"href":"http:\/\/antibarbarus.de\/index.php?rest_route=%2Fwp%2Fv2%2Fmedia&parent=22014"}],"wp:term":[{"taxonomy":"category","embeddable":true,"href":"http:\/\/antibarbarus.de\/index.php?rest_route=%2Fwp%2Fv2%2Fcategories&post=22014"},{"taxonomy":"post_tag","embeddable":true,"href":"http:\/\/antibarbarus.de\/index.php?rest_route=%2Fwp%2Fv2%2Ftags&post=22014"}],"curies":[{"name":"wp","href":"https:\/\/api.w.org\/{rel}","templated":true}]}}