{"id":21792,"date":"2021-10-05T02:44:17","date_gmt":"2021-10-05T00:44:17","guid":{"rendered":"http:\/\/antibarbarus.de\/?p=21792"},"modified":"2021-10-05T19:39:56","modified_gmt":"2021-10-05T17:39:56","slug":"wandern-auf-dem-grimmsteig-vorbei-an-malerischen-windkraftanlagen","status":"publish","type":"post","link":"http:\/\/antibarbarus.de\/?p=21792","title":{"rendered":"&#8222;Wandern auf dem Grimmsteig&#8220; &#8211; vorbei an malerischen Windkraftanlagen"},"content":{"rendered":"\n<p>Gestern lief im Hessischen Fernsehen noch einmal die Dokumentation &#8222;Wandern auf dem Grimmsteig&#8220;, eine Wiederholung aus dem Jahr 2018. Drei Wanderer, der Horst, die Ingrid und die Annabelle, werden auf den f\u00fcnf Tagesetappen von Wanderf\u00fchrer Daniel von Trausnitz durch das nordhessische Bergland gef\u00fchrt. Die Stimmung erinnert ein bi\u00dfchen an einen Klassenausflug, mit viel Kichern und Bl\u00f6deln, aber das kennt man ja inzwischen: die Menschen wollen heutzutage partout nicht erwachsen werden. <\/p>\n\n\n\n<p>Nur einmal kommt ein gewisser Ernst in die Gespr\u00e4che. Auf der dritten Etappe stehen die Wanderer pl\u00f6tzlich vor 15 riesigen Windkraftanlagen, viele von ihnen mitten in einem Naturschutzgebiet. Direkt vor ihnen. Daniel von Trausnitz, der Wanderf\u00fchrer, findet das nicht gut. Er sei ja per se f\u00fcr alternative Energien, aber man h\u00e4tte da andere Wege finden k\u00f6nnen. Und als habe er gemerkt, da\u00df man das &#8211; um Himmels willen! &#8211; als Kritik an der Energiewende deuten k\u00f6nnte (was im tiefgr\u00fcnen Hessischen Rundfunk gar nicht geht!), f\u00fcgt er schnell hinzu: &#8222;nicht andere Wege als die Windkraft, aber nen anderen Weg, als den Windpark in das Naturschutzgebiet zu stellen&#8220;. Und er sagt:<\/p>\n\n\n\n<blockquote class=\"wp-block-quote is-layout-flow wp-block-quote-is-layout-flow\"><p>Da macht man ein Naturschutzgebiet pl\u00f6tzlich zum Industriegebiet. <\/p><\/blockquote>\n\n\n\n<p>Dem Horst gefallen solche S\u00e4tze \u00fcberhaupt nicht. W\u00e4hrend der Wanderf\u00fchrer weiterredet, sieht man mehrfach, wie der Horst seine Stirn in Falten legt. Da hat man im Schneideraum ganze Arbeit geleistet.  <\/p>\n\n\n\n<p>Eine der beiden Wandersfrauen fragt naiv, als sei sie gerade eingeschult worden: &#8222;Was gibt&#8217;s denn f\u00fcr Alternativen?&#8220; Im Hessischen Rundfunk gibt es zum Ausbau der Windenergie nat\u00fcrlich keine Alternative, da wird auch noch der letzte Aktivist vors Mikrofon geholt, um sein Spr\u00fcchlein aufzusagen. Aber der Wanderf\u00fchrer ist hartn\u00e4ckig. Man k\u00f6nne die Windr\u00e4der zum Beispiel an Autobahnen bauen, wo schon eine Infrastruktur da sei. Aber in Regionen, die vom Tourismus lebten, im Werra-Mei\u00dfner-Kreis etwa oder im Geo-Naturpark, da f\u00e4nde er das schon schwierig. <\/p>\n\n\n\n<p>&#8222;Schwierig&#8220; &#8211; also milder kann man das kaum ausdr\u00fccken. Aber dem Horst reicht&#8217;s jetzt, und mit einem einzigen Satz fegt er alles hinweg, was der Wanderf\u00fchrer gesagt hat:<\/p>\n\n\n\n<blockquote class=\"wp-block-quote is-layout-flow wp-block-quote-is-layout-flow\"><p>Aber jeder, der hier ein Zimmer bucht, will ja eine Steckdose im Zimmer haben.<\/p><\/blockquote>\n\n\n\n<p>Ein Satz wie ein Donnerschlag! Da kann selbst der Wanderf\u00fchrer nur noch &#8222;Das ist richtig, das ist richtig&#8220; murmeln. Denn in diesen entlegenen Landstrichen des hessischen Nordens gab es bis vor kurzem weder Strom noch flie\u00dfend Wasser; was eine Steckdose ist, das wu\u00dfte hier niemand. Man lebte dahin wie im Auenland, bis &#8211; ja, bis nette M\u00e4nner in Arbeitsanz\u00fcgen kamen und mitten in den W\u00e4ldern gro\u00dfe Windr\u00e4der aufstellten. Und so kam es, da\u00df sich bald in jedem Haus in Nordhessen eine Steckdose befand. In manchen sogar mehrere! Gesegnete Windkraft!<\/p>\n\n\n\n<p>Und w\u00e4hrend die Wanderer weitergehen, h\u00f6rt man, wie eine der Frauen die im Keim erstickte (oder im Schneideraum moderierte) Diskussion vers\u00f6hnlich so zusammenfa\u00dft;<\/p>\n\n\n\n<blockquote class=\"wp-block-quote is-layout-flow wp-block-quote-is-layout-flow\"><p>Es hat alles seine zwei Seiten im Leben, wie immer, oder?<\/p><\/blockquote>\n\n\n\n<p>Erledigt. Sie wandern weiter. Dann erf\u00e4hrt man noch, da\u00df allein am Rand des Grimmsteigs mehr als 45 gro\u00dfe Windr\u00e4der stehen, mindestens zw\u00f6lf weitere seien in Planung. <\/p>\n\n\n\n<p>Wie hei\u00dft es doch auf www.grimmsteig.de?  Die Wanderung auf dem Grimmsteig sei<\/p>\n\n\n\n<blockquote class=\"wp-block-quote is-layout-flow wp-block-quote-is-layout-flow\"><p>eine interessante und landschaftlich sehr reizvolle Tour, die den \u201eWeg\u201c zu erneuerbaren Energien mit einer tollen Wanderung durch das M\u00e4rchenland der Br\u00fcder Grimm verbindet.<\/p><\/blockquote>\n\n\n\n<p>Und die haben ja auch M\u00e4rchen erz\u00e4hlt, die Br\u00fcder Grimm.<\/p>\n","protected":false},"excerpt":{"rendered":"<p>Gestern lief im Hessischen Fernsehen noch einmal die Dokumentation &#8222;Wandern auf dem Grimmsteig&#8220;, eine Wiederholung aus dem Jahr 2018. Drei Wanderer, der Horst, die Ingrid und die Annabelle, werden auf den f\u00fcnf Tagesetappen von Wanderf\u00fchrer Daniel von Trausnitz durch das &hellip; <a href=\"http:\/\/antibarbarus.de\/?p=21792\">Weiterlesen <span class=\"meta-nav\">&rarr;<\/span><\/a><\/p>\n","protected":false},"author":1,"featured_media":0,"comment_status":"open","ping_status":"open","sticky":false,"template":"","format":"standard","meta":{"footnotes":""},"categories":[11,7,8],"tags":[],"class_list":["post-21792","post","type-post","status-publish","format-standard","hentry","category-fernsehen","category-natur","category-windkraftanlagen"],"_links":{"self":[{"href":"http:\/\/antibarbarus.de\/index.php?rest_route=\/wp\/v2\/posts\/21792","targetHints":{"allow":["GET"]}}],"collection":[{"href":"http:\/\/antibarbarus.de\/index.php?rest_route=\/wp\/v2\/posts"}],"about":[{"href":"http:\/\/antibarbarus.de\/index.php?rest_route=\/wp\/v2\/types\/post"}],"author":[{"embeddable":true,"href":"http:\/\/antibarbarus.de\/index.php?rest_route=\/wp\/v2\/users\/1"}],"replies":[{"embeddable":true,"href":"http:\/\/antibarbarus.de\/index.php?rest_route=%2Fwp%2Fv2%2Fcomments&post=21792"}],"version-history":[{"count":13,"href":"http:\/\/antibarbarus.de\/index.php?rest_route=\/wp\/v2\/posts\/21792\/revisions"}],"predecessor-version":[{"id":21807,"href":"http:\/\/antibarbarus.de\/index.php?rest_route=\/wp\/v2\/posts\/21792\/revisions\/21807"}],"wp:attachment":[{"href":"http:\/\/antibarbarus.de\/index.php?rest_route=%2Fwp%2Fv2%2Fmedia&parent=21792"}],"wp:term":[{"taxonomy":"category","embeddable":true,"href":"http:\/\/antibarbarus.de\/index.php?rest_route=%2Fwp%2Fv2%2Fcategories&post=21792"},{"taxonomy":"post_tag","embeddable":true,"href":"http:\/\/antibarbarus.de\/index.php?rest_route=%2Fwp%2Fv2%2Ftags&post=21792"}],"curies":[{"name":"wp","href":"https:\/\/api.w.org\/{rel}","templated":true}]}}