{"id":21598,"date":"2021-08-05T02:47:30","date_gmt":"2021-08-05T00:47:30","guid":{"rendered":"http:\/\/antibarbarus.de\/?p=21598"},"modified":"2021-08-05T02:49:17","modified_gmt":"2021-08-05T00:49:17","slug":"eine-andere-blondine","status":"publish","type":"post","link":"http:\/\/antibarbarus.de\/?p=21598","title":{"rendered":"&#8222;Eine andere Blondine&#8220;"},"content":{"rendered":"\n<p>Manchmal st\u00f6\u00dft man selbst in einer so seri\u00f6sen Zeitung wie der F.A.Z. auf ein Wort, das befremdet. So hat vor einigen Tagen Michaela Wiegel, die Frankreich-Korrespondentin, in einem Artikel \u00fcber die franz\u00f6sische Pr\u00e4sidentenwahl im n\u00e4chsten Jahr (<a href=\"https:\/\/www.faz.net\/aktuell\/politik\/ausland\/valerie-pecresse-kandidiert-alternative-zu-macron-und-le-pen-17450950.html\">hier<\/a> nachzulesen) folgendes geschrieben:<\/p>\n\n\n\n<blockquote class=\"wp-block-quote is-layout-flow wp-block-quote-is-layout-flow\"><p>Eine Frau im Elys\u00e9e-Palast? Bislang dachten die Franzosen dabei sofort an Marine Le Pen, die bei der Pr\u00e4sidentenwahl im n\u00e4chsten Jahr zum dritten Mal f\u00fcr das h\u00f6chste Staatsamt kandidiert. Doch nun dr\u00e4ngt sich eine andere Blondine nach vorn: Die 54 Jahre alte Val\u00e9rie P\u00e9cresse, die rechtsb\u00fcrgerliche Regionalpr\u00e4sidentin der Hauptstadtregion \u00cele-de-France, hat am Donnerstagabend zur besten Sendezeit ihre Pr\u00e4sidentschaftskandidatur erkl\u00e4rt.<\/p><\/blockquote>\n\n\n\n<p>&#8222;Eine andere Blondine&#8220; also. Aber was will uns der Dichter damit sagen &#8211; au\u00dfer da\u00df die beiden Kandidatinnen die gleiche Haarfarbe haben? Was wird da angedeutet, insinuiert? &#8222;Blondine&#8220; ist ja keineswegs einfach nur eine &#8222;blonde Frau&#8220;, wie die Dudenreaktion meint. W\u00f6rter haben oft unsichtbare Konnotationen, sie k\u00f6nnen bewundernd oder abwertend gemeint (und verstanden) werden, \u00fcberhaupt sind sie selten eins zu eins mit ihrer Definition identisch. Und das Wort &#8222;Blondine&#8220;, das noch in der Mitte des vergangenen Jahrhunderts eine durchaus positive Konnotation besa\u00df, ist sp\u00e4testens seit den &#8222;Blondinenwitzen&#8220; eher herabsetzend gemeint und bezeichnet, jedenfalls f\u00fcr viele Sprecher, auch heute noch ein naives Dummchen.<\/p>\n\n\n\n<p>In diesem Sinne ist es v\u00f6llig unverst\u00e4ndlich, warum die Redakteurin der F.A.Z. die beiden Politikerinnen als &#8222;Blondinen&#8220; bezeichnet. H\u00e4tte es sich bei den Kandidaten um M\u00e4nner gehandelt, w\u00e4re sie sicher nicht auf die Idee gekommen, von &#8222;dem anderen Schwarzhaarigen&#8220; zu sprechen. <\/p>\n","protected":false},"excerpt":{"rendered":"<p>Manchmal st\u00f6\u00dft man selbst in einer so seri\u00f6sen Zeitung wie der F.A.Z. auf ein Wort, das befremdet. So hat vor einigen Tagen Michaela Wiegel, die Frankreich-Korrespondentin, in einem Artikel \u00fcber die franz\u00f6sische Pr\u00e4sidentenwahl im n\u00e4chsten Jahr (hier nachzulesen) folgendes geschrieben: &hellip; <a href=\"http:\/\/antibarbarus.de\/?p=21598\">Weiterlesen <span class=\"meta-nav\">&rarr;<\/span><\/a><\/p>\n","protected":false},"author":1,"featured_media":0,"comment_status":"open","ping_status":"open","sticky":false,"template":"","format":"standard","meta":{"footnotes":""},"categories":[11,9],"tags":[],"class_list":["post-21598","post","type-post","status-publish","format-standard","hentry","category-fernsehen","category-die-deutsche-sprache"],"_links":{"self":[{"href":"http:\/\/antibarbarus.de\/index.php?rest_route=\/wp\/v2\/posts\/21598","targetHints":{"allow":["GET"]}}],"collection":[{"href":"http:\/\/antibarbarus.de\/index.php?rest_route=\/wp\/v2\/posts"}],"about":[{"href":"http:\/\/antibarbarus.de\/index.php?rest_route=\/wp\/v2\/types\/post"}],"author":[{"embeddable":true,"href":"http:\/\/antibarbarus.de\/index.php?rest_route=\/wp\/v2\/users\/1"}],"replies":[{"embeddable":true,"href":"http:\/\/antibarbarus.de\/index.php?rest_route=%2Fwp%2Fv2%2Fcomments&post=21598"}],"version-history":[{"count":6,"href":"http:\/\/antibarbarus.de\/index.php?rest_route=\/wp\/v2\/posts\/21598\/revisions"}],"predecessor-version":[{"id":21609,"href":"http:\/\/antibarbarus.de\/index.php?rest_route=\/wp\/v2\/posts\/21598\/revisions\/21609"}],"wp:attachment":[{"href":"http:\/\/antibarbarus.de\/index.php?rest_route=%2Fwp%2Fv2%2Fmedia&parent=21598"}],"wp:term":[{"taxonomy":"category","embeddable":true,"href":"http:\/\/antibarbarus.de\/index.php?rest_route=%2Fwp%2Fv2%2Fcategories&post=21598"},{"taxonomy":"post_tag","embeddable":true,"href":"http:\/\/antibarbarus.de\/index.php?rest_route=%2Fwp%2Fv2%2Ftags&post=21598"}],"curies":[{"name":"wp","href":"https:\/\/api.w.org\/{rel}","templated":true}]}}