{"id":21532,"date":"2021-07-17T14:43:08","date_gmt":"2021-07-17T12:43:08","guid":{"rendered":"http:\/\/antibarbarus.de\/?p=21532"},"modified":"2021-07-17T14:43:08","modified_gmt":"2021-07-17T12:43:08","slug":"baerbock-bricht-urlaub-ab","status":"publish","type":"post","link":"http:\/\/antibarbarus.de\/?p=21532","title":{"rendered":"&#8222;Baerbock bricht Urlaub ab&#8220;"},"content":{"rendered":"\n<p>Da\u00df Annalena Baerbock &#8211; ganz, als w\u00e4re sie schon Kanzlerin &#8211; angesichts der \u00dcberschwemmungskatastrophe ihren Urlaub abbricht, war vielen Medien eine Schlagzeile wert. Der Hessische Rundfunk, dem die Welt gar nicht gr\u00fcn, nachhaltig und feministisch genug sein kann, meinte in einem Kommentar, diese Geste sei &#8222;menschlich und taktisch klug&#8220;.<\/p>\n\n\n\n<p>Menschlich und taktisch klug! Mehr mu\u00df man \u00fcber Baerbock und den Hessischen Rundfunk nicht sagen. <\/p>\n","protected":false},"excerpt":{"rendered":"<p>Da\u00df Annalena Baerbock &#8211; ganz, als w\u00e4re sie schon Kanzlerin &#8211; angesichts der \u00dcberschwemmungskatastrophe ihren Urlaub abbricht, war vielen Medien eine Schlagzeile wert. Der Hessische Rundfunk, dem die Welt gar nicht gr\u00fcn, nachhaltig und feministisch genug sein kann, meinte in &hellip; <a href=\"http:\/\/antibarbarus.de\/?p=21532\">Weiterlesen <span class=\"meta-nav\">&rarr;<\/span><\/a><\/p>\n","protected":false},"author":1,"featured_media":0,"comment_status":"open","ping_status":"open","sticky":false,"template":"","format":"standard","meta":{"footnotes":""},"categories":[4,11,12],"tags":[],"class_list":["post-21532","post","type-post","status-publish","format-standard","hentry","category-die-grune-bewegung","category-fernsehen","category-politik"],"_links":{"self":[{"href":"http:\/\/antibarbarus.de\/index.php?rest_route=\/wp\/v2\/posts\/21532","targetHints":{"allow":["GET"]}}],"collection":[{"href":"http:\/\/antibarbarus.de\/index.php?rest_route=\/wp\/v2\/posts"}],"about":[{"href":"http:\/\/antibarbarus.de\/index.php?rest_route=\/wp\/v2\/types\/post"}],"author":[{"embeddable":true,"href":"http:\/\/antibarbarus.de\/index.php?rest_route=\/wp\/v2\/users\/1"}],"replies":[{"embeddable":true,"href":"http:\/\/antibarbarus.de\/index.php?rest_route=%2Fwp%2Fv2%2Fcomments&post=21532"}],"version-history":[{"count":2,"href":"http:\/\/antibarbarus.de\/index.php?rest_route=\/wp\/v2\/posts\/21532\/revisions"}],"predecessor-version":[{"id":21534,"href":"http:\/\/antibarbarus.de\/index.php?rest_route=\/wp\/v2\/posts\/21532\/revisions\/21534"}],"wp:attachment":[{"href":"http:\/\/antibarbarus.de\/index.php?rest_route=%2Fwp%2Fv2%2Fmedia&parent=21532"}],"wp:term":[{"taxonomy":"category","embeddable":true,"href":"http:\/\/antibarbarus.de\/index.php?rest_route=%2Fwp%2Fv2%2Fcategories&post=21532"},{"taxonomy":"post_tag","embeddable":true,"href":"http:\/\/antibarbarus.de\/index.php?rest_route=%2Fwp%2Fv2%2Ftags&post=21532"}],"curies":[{"name":"wp","href":"https:\/\/api.w.org\/{rel}","templated":true}]}}