{"id":2145,"date":"2011-09-21T01:30:18","date_gmt":"2011-09-20T23:30:18","guid":{"rendered":"http:\/\/antibarbarus.de\/?p=2145"},"modified":"2011-09-21T01:30:18","modified_gmt":"2011-09-20T23:30:18","slug":"erdoganeshad-zundelt-weiter","status":"publish","type":"post","link":"http:\/\/antibarbarus.de\/?p=2145","title":{"rendered":"Erdoganeshad z\u00fcndelt weiter"},"content":{"rendered":"<p>Der Nahe Osten ist ein Pulverfa\u00df. Viele bem\u00fchen sich nun schon seit Jahrzehnten, den Konflikt zu entsch\u00e4rfen, auch wenn dazu fast \u00fcbermenschliche F\u00e4higkeiten n\u00f6tig sind.<\/p>\n<p>Aber jetzt gibt es einen, der sich f\u00fcr einen gro\u00dfen Staatsmann h\u00e4lt: den t\u00fcrkischen Ministerpr\u00e4sidenten Erdoganeshad. Er denkt gar nicht daran, auf die Hei\u00dfsporne im Nahen Osten beschwichtigend einzureden, ganz im Gegenteil: er gie\u00dft auch noch \u00d6l ins Feuer. Er ist ein gef\u00e4hrlicher Brandstifter, und die eher jovialen T\u00f6ne, mit denen Pr\u00e4sident G\u00fcl bei seinem Staatsbesuch in Deutschland die neue t\u00fcrkische Gro\u00dfmannssucht verbr\u00e4mt, sollen nur vom brandgef\u00e4hrlichen Kurs der t\u00fcrkischen Regierung ablenken.<\/p>\n<p>Erdoganeshad will Kriegsschiffe Richtung Israel entsenden, er tr\u00e4umt von einem t\u00fcrkischen Flugzeugtr\u00e4ger im \u00f6stlichen Mittelmeer, und auch den Zypernkonflikt will er mit Gewalt l\u00f6sen. Dieser Mann ist eine Gefahr f\u00fcr den Weltfrieden. Er hat die alten t\u00fcrkischen Eliten, vor allem im Milit\u00e4r, entmachtet, Journalisten mit Prozessen bedroht und mundtot gemacht, und jetzt, so glaubt er, ist seine Stunde gekommen. Es besteht kein Zweifel mehr daran, da\u00df er Gro\u00dfmachtpl\u00e4ne hat, er will zur Schutzmacht aller islamischen Staaten im \u00f6stlichen Mittelmeerraum werden. Daf\u00fcr nimmt er jedes Risiko in Kauf &#8211; auch, wenn es sein mu\u00df, einen kriegerischen Konflikt.<\/p>\n<p>Wenn man alle \u00c4u\u00dferungen von t\u00fcrkischer Seite im Zusammenhang sieht, kann man sich nur wundern, wie blau\u00e4ugig, ja devot zum Beispiel unser Bundespr\u00e4sident auf die t\u00fcrkische Aggressivit\u00e4t reagiert. Und auch aus den USA h\u00f6rt man noch immer keine Zurechtweisung gegen den Kriegstreiber in Ankara. Dieses <em>appeasement<\/em> hat sich schon 1938 bitter ger\u00e4cht, und es wird sich auch in der <em>causa<\/em> T\u00fcrkei r\u00e4chen.<\/p>\n<p>Es ist mir v\u00f6llig unbegreiflich, wie sich Wulff angesichts solcher T\u00f6ne f\u00fcr die Aufnahme der T\u00fcrkei in die EU aussprechen kann. Wir haben nun wei\u00df Gott schon viel zu viele L\u00e4nder in die EU aufgenommen, daher r\u00fchrt ein gro\u00dfer Teil der Probleme, die Europa hat. Die T\u00fcrkei geh\u00f6rt geographisch zu Asien &#8211; und nicht nur geographisch, wie man jetzt an der Politik von Erdoganeshad sehen kann.<\/p>\n","protected":false},"excerpt":{"rendered":"<p>Der Nahe Osten ist ein Pulverfa\u00df. Viele bem\u00fchen sich nun schon seit Jahrzehnten, den Konflikt zu entsch\u00e4rfen, auch wenn dazu fast \u00fcbermenschliche F\u00e4higkeiten n\u00f6tig sind. Aber jetzt gibt es einen, der sich f\u00fcr einen gro\u00dfen Staatsmann h\u00e4lt: den t\u00fcrkischen Ministerpr\u00e4sidenten &hellip; <a href=\"http:\/\/antibarbarus.de\/?p=2145\">Weiterlesen <span class=\"meta-nav\">&rarr;<\/span><\/a><\/p>\n","protected":false},"author":1,"featured_media":0,"comment_status":"open","ping_status":"open","sticky":false,"template":"","format":"standard","meta":{"footnotes":""},"categories":[5,12],"tags":[],"class_list":["post-2145","post","type-post","status-publish","format-standard","hentry","category-islam","category-politik"],"_links":{"self":[{"href":"http:\/\/antibarbarus.de\/index.php?rest_route=\/wp\/v2\/posts\/2145","targetHints":{"allow":["GET"]}}],"collection":[{"href":"http:\/\/antibarbarus.de\/index.php?rest_route=\/wp\/v2\/posts"}],"about":[{"href":"http:\/\/antibarbarus.de\/index.php?rest_route=\/wp\/v2\/types\/post"}],"author":[{"embeddable":true,"href":"http:\/\/antibarbarus.de\/index.php?rest_route=\/wp\/v2\/users\/1"}],"replies":[{"embeddable":true,"href":"http:\/\/antibarbarus.de\/index.php?rest_route=%2Fwp%2Fv2%2Fcomments&post=2145"}],"version-history":[{"count":17,"href":"http:\/\/antibarbarus.de\/index.php?rest_route=\/wp\/v2\/posts\/2145\/revisions"}],"predecessor-version":[{"id":2170,"href":"http:\/\/antibarbarus.de\/index.php?rest_route=\/wp\/v2\/posts\/2145\/revisions\/2170"}],"wp:attachment":[{"href":"http:\/\/antibarbarus.de\/index.php?rest_route=%2Fwp%2Fv2%2Fmedia&parent=2145"}],"wp:term":[{"taxonomy":"category","embeddable":true,"href":"http:\/\/antibarbarus.de\/index.php?rest_route=%2Fwp%2Fv2%2Fcategories&post=2145"},{"taxonomy":"post_tag","embeddable":true,"href":"http:\/\/antibarbarus.de\/index.php?rest_route=%2Fwp%2Fv2%2Ftags&post=2145"}],"curies":[{"name":"wp","href":"https:\/\/api.w.org\/{rel}","templated":true}]}}