{"id":21429,"date":"2021-06-27T14:55:24","date_gmt":"2021-06-27T12:55:24","guid":{"rendered":"http:\/\/antibarbarus.de\/?p=21429"},"modified":"2021-06-27T14:55:24","modified_gmt":"2021-06-27T12:55:24","slug":"armin-laschet-blamiert-sich-aber-britt-marie-lakaemper-und-sascha-lobo-haben-voll-den-durchblick","status":"publish","type":"post","link":"http:\/\/antibarbarus.de\/?p=21429","title":{"rendered":"&#8222;Armin Laschet blamiert sich&#8220; &#8211; aber Britt-Marie Lak\u00e4mper und Sascha Lobo haben voll den Durchblick"},"content":{"rendered":"\n<p>Jeder Mensch blamiert sich manchmal. Nat\u00fcrlich auch Politiker. Annalena Baerbock hat sich in der kurzen Zeit ihrer Kanzlerkandidatur schon oft blamiert, Lindner sowieso, und der vom dem\u00fctigen Bienenretter zum &#8222;harten Hund&#8220; mutierte S\u00f6der erst recht. Jetzt hat sich also, wenn man der <a href=\"https:\/\/www.waz.de\/politik\/laschet-armin-corona-delta-variante-nrw-cdu-union-id232623743.html\">Welt<\/a> glaubt, auch Armin Laschet blamiert.<\/p>\n\n\n\n<p>Aber was hat er gesagt? Es geht um die sog. Delta-Variante des Corona-Virus, die von einigen Politikern und Virologen (Lauterbach immer vorneweg) schon wieder als Drohkulisse f\u00fcr k\u00fcnftige Einschr\u00e4nkungen ins Spiel gebracht wird.<\/p>\n\n\n\n<p>Laschet sagte dazu:<\/p>\n\n\n\n<blockquote class=\"wp-block-quote is-layout-flow wp-block-quote-is-layout-flow\"><p>Wenn trotz der Verbreitung der Delta-Variante die Inzidenz nicht steigt, sondern jede Woche immer weiter sinkt, scheint ja die Auswirkung nicht so gro\u00df zu sein.<\/p><\/blockquote>\n\n\n\n<p><em>Was erlauben Laschet!<\/em> &#8211; m\u00f6chte man da ausrufen. Und das tut Frau Lak\u00e4mper von der <em>Welt<\/em> auch und tadelt Laschet deshalb scharf. Alle, schreibt sie, h\u00e4tten immer einen Virologen an ihrer Seite, wenn sie vor die Kameras tr\u00e4ten. Nur Laschet nicht. Und dann wagt der es auch noch, die Menschen zu beruhigen! Das geht gar nicht. Jetzt h\u00e4tte Laschet nat\u00fcrlich etwa den Virologen Klaus St\u00f6hr zitieren k\u00f6nnen, hat er aber nicht. St\u00f6hr sagte in einem Interview mit dem MDR (<a href=\"https:\/\/www.mdr.de\/nachrichten\/deutschland\/panorama\/corona-delta-variante-virologe-stoehr-ansteckend-nicht-dramatisch-100.html\">hier<\/a> nachzulesen):<\/p>\n\n\n\n<blockquote class=\"wp-block-quote is-layout-flow wp-block-quote-is-layout-flow\"><p>Die Bek\u00e4mpfungsma\u00dfnahmen werden auch weiter funktionieren, die RNA-Viren \u2013 und dazu geh\u00f6ren auch die Coronaviren \u2013 haben diese M\u00f6glichkeit, sich zu irren, wenn sie sich vermehren. Dadurch gibt es hier und dort mal ein paar andere Aminos\u00e4uren. Zum Gl\u00fcck sehen wir jetzt, und das sind die Zahlen aus England, dass sich die Delta-Variante h\u00f6chstwahrscheinlich etwas leichter \u00fcbertragen l\u00e4sst, aber die Erkrankungsschwere scheint vierfach geringer zu sein. Das sind noch vorl\u00e4ufige Daten. Also dass mehr Hospitalisierungen auftreten, weil die Erkrankung vielleicht schwerer verl\u00e4uft, das trifft nicht zu.<\/p><\/blockquote>\n\n\n\n<p>Jetzt mu\u00df man Frau Lak\u00e4mper aber zugutehalten, da\u00df sie &#8211; schon, um sich nicht selbst zu blamieren! &#8211; auch einen Fachmann an ihrer Seite hat. Es ist der Blogger und Werbetexter Sascha Lobo, der in den Talkshows als &#8222;Internetfachmann&#8220; herumgereicht wird und eine Irokesenfrisur tr\u00e4gt, um &#8222;einen h\u00f6heren Wiedererkennungswert zu erzielen&#8220; (Wikipedia). Also genau der richtige Fachmann!<\/p>\n\n\n\n<p>Und nat\u00fcrlich, so die <em>Welt<\/em>-Journalistin, erntet Laschet f\u00fcr seine unaufgeregten Worte &#8222;Spott und Entsetzen im Netz&#8220;. Was sagt &#8222;das Netz&#8220;? &#8211; das ist offenbar auch f\u00fcr eine ausgebildete <em>Welt<\/em>-Journalistin heutzutage der entscheidende Pr\u00fcfstein f\u00fcr Qualit\u00e4t. So wenden sich \u00fcberall  gestandene Journalisten an &#8222;das Netz&#8220;, als sei es  ein g\u00f6ttliches Orakel, die Pythia von Delphi wom\u00f6glich &#8211; dabei sind es doch, wenn man ihre Kommentare aufmerksam liest, mehrheitlich von Bosheit und Dummheit nur so strotzende Menschen, die im Schutz der Anonymit\u00e4t das herauslassen, was man umgangssprachlich &#8222;die Sau&#8220; nennt. <\/p>\n\n\n\n<p>Ein Journalist, der noch (Berufs-) Ehre und Anstand hat, sollte sich zuallerletzt darum k\u00fcmmern, was &#8222;das Netz&#8220; sagt. <\/p>\n","protected":false},"excerpt":{"rendered":"<p>Jeder Mensch blamiert sich manchmal. Nat\u00fcrlich auch Politiker. Annalena Baerbock hat sich in der kurzen Zeit ihrer Kanzlerkandidatur schon oft blamiert, Lindner sowieso, und der vom dem\u00fctigen Bienenretter zum &#8222;harten Hund&#8220; mutierte S\u00f6der erst recht. Jetzt hat sich also, wenn &hellip; <a href=\"http:\/\/antibarbarus.de\/?p=21429\">Weiterlesen <span class=\"meta-nav\">&rarr;<\/span><\/a><\/p>\n","protected":false},"author":1,"featured_media":0,"comment_status":"open","ping_status":"open","sticky":false,"template":"","format":"standard","meta":{"footnotes":""},"categories":[11,14,12],"tags":[],"class_list":["post-21429","post","type-post","status-publish","format-standard","hentry","category-fernsehen","category-internet","category-politik"],"_links":{"self":[{"href":"http:\/\/antibarbarus.de\/index.php?rest_route=\/wp\/v2\/posts\/21429","targetHints":{"allow":["GET"]}}],"collection":[{"href":"http:\/\/antibarbarus.de\/index.php?rest_route=\/wp\/v2\/posts"}],"about":[{"href":"http:\/\/antibarbarus.de\/index.php?rest_route=\/wp\/v2\/types\/post"}],"author":[{"embeddable":true,"href":"http:\/\/antibarbarus.de\/index.php?rest_route=\/wp\/v2\/users\/1"}],"replies":[{"embeddable":true,"href":"http:\/\/antibarbarus.de\/index.php?rest_route=%2Fwp%2Fv2%2Fcomments&post=21429"}],"version-history":[{"count":11,"href":"http:\/\/antibarbarus.de\/index.php?rest_route=\/wp\/v2\/posts\/21429\/revisions"}],"predecessor-version":[{"id":21442,"href":"http:\/\/antibarbarus.de\/index.php?rest_route=\/wp\/v2\/posts\/21429\/revisions\/21442"}],"wp:attachment":[{"href":"http:\/\/antibarbarus.de\/index.php?rest_route=%2Fwp%2Fv2%2Fmedia&parent=21429"}],"wp:term":[{"taxonomy":"category","embeddable":true,"href":"http:\/\/antibarbarus.de\/index.php?rest_route=%2Fwp%2Fv2%2Fcategories&post=21429"},{"taxonomy":"post_tag","embeddable":true,"href":"http:\/\/antibarbarus.de\/index.php?rest_route=%2Fwp%2Fv2%2Ftags&post=21429"}],"curies":[{"name":"wp","href":"https:\/\/api.w.org\/{rel}","templated":true}]}}