{"id":21410,"date":"2021-06-25T15:00:58","date_gmt":"2021-06-25T13:00:58","guid":{"rendered":"http:\/\/antibarbarus.de\/?p=21410"},"modified":"2021-06-28T16:41:24","modified_gmt":"2021-06-28T14:41:24","slug":"keine-regenbogenfarben-an-der-allianz-arena-das-ist-wahrhaftig-die-erste-meldung-der-tagesschau","status":"publish","type":"post","link":"http:\/\/antibarbarus.de\/?p=21410","title":{"rendered":"Keine Regenbogenfarben an der Allianz-Arena &#8211; das war wahrhaftig die Top-Meldung der Tagesschau!"},"content":{"rendered":"\n<p>Bei mir mehren sich in letzter Zeit seltsame Gedanken. Lebe ich vielleicht &#8211; so kommt es mir immer \u00f6fter vor &#8211; in Absurdistan, einem Land, das mit jedem Tag skurriler und l\u00e4cherlicher wird? Es hat eine Zeit gegeben, da hatte man auf der ganzen Welt Angst vor den Deutschen. Das war nicht sch\u00f6n, und es kommt hoffentlich nie wieder vor. Aber es ist auch nicht angenehm, wenn <em>tout le monde<\/em> lacht \u00fcber dieses merkw\u00fcrdige V\u00f6lkchen, das nur noch aus Mustersch\u00fclern und Moralaposteln besteht. Da\u00df fr\u00fcher einmal am deutschen Wesen die Welt genesen sollte, war nicht gut. Jetzt wollen wir also &#8211; wenigstens das! &#8211; die Welt retten. <\/p>\n\n\n\n<p>Da wollte die Stadt M\u00fcnchen aus Protest gegen die ungarische Homosexuellenpolitik ihr Stadion in regenbogenfarbiges Licht tauchen. Der rein politische Grund war im Antrag an die UEFA ausdr\u00fccklich angegeben. Da\u00df der zur Neutralit\u00e4t verpflichtete Verband diesen Antrag ablehnen <em>mu\u00dfte<\/em>, war jedem Menschen mit durchschnittlicher Intelligenz klar. Aber der M\u00fcnchener Oberb\u00fcrgermeister Dieter Reiter (SPD) stellte sich gleich darauf &#8211; scheinbar fassungslos &#8211; vor die Kameras und sagte folgendes:<\/p>\n\n\n\n<blockquote class=\"wp-block-quote is-layout-flow wp-block-quote-is-layout-flow\"><p>Ich finde es besch\u00e4mend, dass die UEFA es uns verbietet, hier in M\u00fcnchen ein Zeichen f\u00fcr Weltoffenheit, Toleranz, Respekt und Solidarit\u00e4t mit der LGBTIQ-Community zu setzen. <\/p><\/blockquote>\n\n\n\n<p>Soviel ideologisches Vokabular in einem einzigen Satz! Und wie fl\u00fcssig ihm die LGBdingsda-Abk\u00fcrzung in englischer Sprache (<a href=\"https:\/\/www.youtube.com\/watch?v=0yUCJYq0Szc\">hier<\/a> einzusehen) \u00fcber die Lippen geht! <\/p>\n\n\n\n<p>Ich mu\u00df zugeben, da\u00df ich es kaum mehr ertragen kann, wie so sch\u00f6ne W\u00f6rter wie Weltoffenheit, Toleranz, Solidarit\u00e4t usw. von einer Minderheit in ihrer Bedeutung immer mehr eingeengt und fast nur noch im Hinblick auf sexuelle Praktiken verwendet werden. Es gibt n\u00e4mlich, liebe Regenbogenfreunde, jenseits der Sexualit\u00e4t auch noch andere wichtige Dinge in der Welt! Als Orb\u00e1n die Presse gleichgeschaltet hat und von der Demokratie nur noch eine Fassade hat stehenlassen, da hat niemand von euch irgendein Geb\u00e4ude anstrahlen wollen. Erst sein Homosexuellengesetz hat euch in Erregung versetzt. <\/p>\n\n\n\n<p>Wer &#8222;weltoffen&#8220; ist (so wird das Wort zum Beispiel im <em>Wahrig<\/em> definiert), ist &#8222;voller Interesse f\u00fcr alles, was in der Welt geschieht&#8220;. Was f\u00fcr eine sch\u00f6ne Formulierung, besser kann man es nicht sagen! Man ist doch nicht<em> <\/em>weltoffen, nur weil man auch noch die letzte sexuelle Spielart oder &#8222;Orientierung&#8220; voller Begeisterung begr\u00fc\u00dft. Und dann erst &#8222;Toleranz&#8220; und &#8222;Solidarit\u00e4t&#8220;! Das sind W\u00f6rter, die zu den Wurzeln und zum Wesenskern der europ\u00e4ischen Kultur geh\u00f6ren. Es ist ein Akt der Kultur- und Geschichtslosigkeit, ja geradezu ein Frevel, mit ihnen nur noch den Gedanken an sexuelle Minderheiten zu verkn\u00fcpfen. Die ganze Einseitigkeit dieser vom linken und gr\u00fcnen Lager forcierten Kampagne erkennt man schon daran, da\u00df gegen Ungarn ein ma\u00dfloser Zorn entfacht und das Verbot der Regenbogenbeleuchtung am Abend zur wichtigsten Meldung der Tagesschau (!) erhoben wurde, w\u00e4hrend bei den EM-Spielen von Ru\u00dfland und der T\u00fcrkei keine Rede von Menschenrechtsverletzungen war. F\u00fcr die Opfer von Putin und Erdogan wurde nicht einmal ein Kerzlein angez\u00fcndet &#8211; so erfolgreich ist die Lobbyarbeit der Schwulen- und Lesbenverb\u00e4nde, deren Ideologie inzwischen sogar tief in die CDU eingedrungen ist.   <\/p>\n\n\n\n<p>Wenn man nur f\u00fcr ein einziges Thema ficht, dann ist man nicht weltoffen, sondern borniert, nicht weitherzig, sondern eng im Geiste &#8211; und schlimmstenfalls plappert man nur nach, was einem die Lobbyverb\u00e4nde und ihre politischen Handlanger vorsagen. <\/p>\n\n\n\n<p><em>Am Anfang war das Wort<\/em> &#8211; mit den W\u00f6rtern f\u00e4ngt alles an, wie es auch in dem Zitat hei\u00dft, das die Schriftstellerin Ulla Hahn vor einiger Zeit in einem Artikel erw\u00e4hnt hat, und das, wohl f\u00e4lschlich, dem Talmud zugeschrieben wird:<\/p>\n\n\n\n<blockquote class=\"wp-block-quote is-layout-flow wp-block-quote-is-layout-flow\"><p>Achte auf deine Gedanken, denn sie werden Worte.<br>Achte auf deine Worte, denn sie werden Handlungen.<br>Achte auf deine Handlungen, denn sie werden Gewohnheiten.<br>Achte auf deine Gewohnheiten, denn sie werden dein Charakter.<br>Achte auf deinen Charakter, denn er wird dein Schicksal.<\/p><\/blockquote>\n\n\n\n<p>Das sei Oberb\u00fcrgermeistern und Journalisten ins Stammbuch geschrieben. <\/p>\n\n\n\n<p>PS:  Sexueller Mi\u00dfbrauch an Menschen wird bestraft. Wer die Sprache mi\u00dfbraucht, bleibt straffrei. <\/p>\n","protected":false},"excerpt":{"rendered":"<p>Bei mir mehren sich in letzter Zeit seltsame Gedanken. Lebe ich vielleicht &#8211; so kommt es mir immer \u00f6fter vor &#8211; in Absurdistan, einem Land, das mit jedem Tag skurriler und l\u00e4cherlicher wird? Es hat eine Zeit gegeben, da hatte &hellip; <a href=\"http:\/\/antibarbarus.de\/?p=21410\">Weiterlesen <span class=\"meta-nav\">&rarr;<\/span><\/a><\/p>\n","protected":false},"author":1,"featured_media":0,"comment_status":"open","ping_status":"open","sticky":false,"template":"","format":"standard","meta":{"footnotes":""},"categories":[4,11,12,9],"tags":[],"class_list":["post-21410","post","type-post","status-publish","format-standard","hentry","category-die-grune-bewegung","category-fernsehen","category-politik","category-die-deutsche-sprache"],"_links":{"self":[{"href":"http:\/\/antibarbarus.de\/index.php?rest_route=\/wp\/v2\/posts\/21410","targetHints":{"allow":["GET"]}}],"collection":[{"href":"http:\/\/antibarbarus.de\/index.php?rest_route=\/wp\/v2\/posts"}],"about":[{"href":"http:\/\/antibarbarus.de\/index.php?rest_route=\/wp\/v2\/types\/post"}],"author":[{"embeddable":true,"href":"http:\/\/antibarbarus.de\/index.php?rest_route=\/wp\/v2\/users\/1"}],"replies":[{"embeddable":true,"href":"http:\/\/antibarbarus.de\/index.php?rest_route=%2Fwp%2Fv2%2Fcomments&post=21410"}],"version-history":[{"count":15,"href":"http:\/\/antibarbarus.de\/index.php?rest_route=\/wp\/v2\/posts\/21410\/revisions"}],"predecessor-version":[{"id":21444,"href":"http:\/\/antibarbarus.de\/index.php?rest_route=\/wp\/v2\/posts\/21410\/revisions\/21444"}],"wp:attachment":[{"href":"http:\/\/antibarbarus.de\/index.php?rest_route=%2Fwp%2Fv2%2Fmedia&parent=21410"}],"wp:term":[{"taxonomy":"category","embeddable":true,"href":"http:\/\/antibarbarus.de\/index.php?rest_route=%2Fwp%2Fv2%2Fcategories&post=21410"},{"taxonomy":"post_tag","embeddable":true,"href":"http:\/\/antibarbarus.de\/index.php?rest_route=%2Fwp%2Fv2%2Ftags&post=21410"}],"curies":[{"name":"wp","href":"https:\/\/api.w.org\/{rel}","templated":true}]}}