{"id":20928,"date":"2021-03-18T10:45:06","date_gmt":"2021-03-18T09:45:06","guid":{"rendered":"http:\/\/antibarbarus.de\/?p=20928"},"modified":"2021-03-18T10:45:06","modified_gmt":"2021-03-18T09:45:06","slug":"wer-hat-das-geschrieben-ein-raetsel-fuer-meine-leser","status":"publish","type":"post","link":"http:\/\/antibarbarus.de\/?p=20928","title":{"rendered":"Wer hat das geschrieben? Ein R\u00e4tsel f\u00fcr meine Leser"},"content":{"rendered":"\n<p>Heute soll es einmal ein R\u00e4tsel sein, aber keine Angst, das R\u00e4tsel wird am Ende des Beitrags gel\u00f6st. Es geht um ein Werk, das so beginnt: <\/p>\n\n\n\n<blockquote class=\"wp-block-quote is-layout-flow wp-block-quote-is-layout-flow\"><p>Rings um das mannigfaltig gegliederte Binnenmeer, das tief einschneidend in die Erdfeste den gr\u00f6\u00dften Busen des Ozeans bildet und, bald durch Inseln oder vorspringende Landfesten verengt, bald wieder sich in betr\u00e4chtlicher Breite ausdehnend die drei Teile der alten Welt scheidet und verbindet, siedelten in alten Zeiten V\u00f6lkerst\u00e4mme sich an, welche, ethnographisch und sprachgeschichtlich betrachtet, verschiedenen Rassen angeh\u00f6rig, historisch ein Ganzes ausmachen. Dies historische Ganze ist es, was man nicht passend die Geschichte der alten Welt zu nennen pflegt, die Kulturgeschichte der Anwohner des Mittelmeers, die in ihren vier gro\u00dfen Entwickelungsstadien an uns vor\u00fcberf\u00fchrt die Geschichte des koptischen oder \u00e4gyptischen Stammes an dem s\u00fcdlichen Gestade, die der aram\u00e4ischen oder syrischen Nation, die die Ostk\u00fcste einnimmt und tief in das innere Asien hinein bis an den Euphrat und Tigris sich ausbreitet, und die Geschichte des Zwillingsvolkes der Hellenen und der Italiker, welche die europ\u00e4ischen Uferlandschaften des Mittelmeers zu ihrem Erbteil empfingen.<\/p><\/blockquote>\n\n\n\n<p>Na, wer wei\u00df es? Die beiden S\u00e4tze (es sind wirklich nur zwei!) sind nat\u00fcrlich f\u00fcr den heutigen Leser eine Zumutung, kaum einer unserer Abiturienten, deren Atem nur noch f\u00fcr kurze S\u00e4tze reicht, wird auch nur einen von ihnen beim ersten Lesen \u00fcberblicken, und ein zweites Lesen wird er sich nicht antun. <\/p>\n\n\n\n<p>Hier ist noch eine zweite Kostprobe, die es vielleicht ein bi\u00dfchen leichter macht, auf Autor und Werk zu kommen; es stammt aus dem Kapitel &#8222;Glaube und Sitte&#8220;:<\/p>\n\n\n\n<blockquote class=\"wp-block-quote is-layout-flow wp-block-quote-is-layout-flow\"><p>In strenger Bedingtheit verflo\u00df dem R\u00f6mer das Leben und je vornehmer er war, desto weniger war er ein freier Mann. Die allm\u00e4chtige Sitte bannte ihn in einen engen Kreis des Denkens und Handelns und streng und ernst oder, um die bezeichnenden lateinischen Ausdr\u00fccke zu brauchen, traurig und schwer gelebt zu haben war sein Ruhm. Keiner hatte mehr und keiner weniger zu tun als sein Haus in guter Zucht zu halten und in Gemeindeangelegenheiten mit Tat und Rat seinen Mann zu stehen. Indem aber der einzelne nichts sein wollte noch sein konnte als ein Glied der Gemeinde, ward der Ruhm und die Macht der Gemeinde auch von jedem einzelnen B\u00fcrger als pers\u00f6nlicher Besitz empfunden und ging zugleich mit dem Namen und dem Hof auf die Nachfahren \u00fcber; und wie also ein Geschlecht nach dem andern in die Gruft gelegt ward und jedes folgende zu dem alten Ehrenbestande neuen Erwerb h\u00e4ufte, schwoll das Gesamtgef\u00fchl der edlen r\u00f6mischen Familien zu jenem gewaltigen B\u00fcrgerstolz an, dessen gleichen die Erde wohl nicht wieder gesehen hat und dessen so fremd- wie gro\u00dfartige Spuren, wo wir ihnen begegnen, uns gleichsam einer anderen Welt anzugeh\u00f6ren scheinen.<\/p><\/blockquote>\n\n\n\n<p>Wer sich einmal eingehender mit dem alten Rom besch\u00e4ftigt hat, wei\u00df jetzt nat\u00fcrlich, um welches Werk es sich handelt: die &#8222;R\u00f6mische Geschichte&#8220; von Theodor Mommsen. Der gro\u00dfe Historiker und Altertumswissenschaftler des 19. Jahrhunderts hat daf\u00fcr 1902, kurz vor seinem Tod, den Nobelpreis f\u00fcr Literatur erhalten &#8211; eine seltene, aber hochverdiente Auszeichnung f\u00fcr einen Historiker. Man mu\u00df das gewaltige Werk \u00fcbrigens nicht von vorn bis hinten durchlesen; es ist schon ein geistiges Vergn\u00fcgen, sich hin und wieder ein Kapitel vorzunehmen. Und ein teures Vergn\u00fcgen ist es auch nicht, die kompletten acht B\u00e4nde bekommt man antiquarisch schon f\u00fcr gut 30 Euro. <\/p>\n","protected":false},"excerpt":{"rendered":"<p>Heute soll es einmal ein R\u00e4tsel sein, aber keine Angst, das R\u00e4tsel wird am Ende des Beitrags gel\u00f6st. Es geht um ein Werk, das so beginnt: Rings um das mannigfaltig gegliederte Binnenmeer, das tief einschneidend in die Erdfeste den gr\u00f6\u00dften &hellip; <a href=\"http:\/\/antibarbarus.de\/?p=20928\">Weiterlesen <span class=\"meta-nav\">&rarr;<\/span><\/a><\/p>\n","protected":false},"author":1,"featured_media":0,"comment_status":"open","ping_status":"open","sticky":false,"template":"","format":"standard","meta":{"footnotes":""},"categories":[15,9],"tags":[],"class_list":["post-20928","post","type-post","status-publish","format-standard","hentry","category-sonstiges","category-die-deutsche-sprache"],"_links":{"self":[{"href":"http:\/\/antibarbarus.de\/index.php?rest_route=\/wp\/v2\/posts\/20928","targetHints":{"allow":["GET"]}}],"collection":[{"href":"http:\/\/antibarbarus.de\/index.php?rest_route=\/wp\/v2\/posts"}],"about":[{"href":"http:\/\/antibarbarus.de\/index.php?rest_route=\/wp\/v2\/types\/post"}],"author":[{"embeddable":true,"href":"http:\/\/antibarbarus.de\/index.php?rest_route=\/wp\/v2\/users\/1"}],"replies":[{"embeddable":true,"href":"http:\/\/antibarbarus.de\/index.php?rest_route=%2Fwp%2Fv2%2Fcomments&post=20928"}],"version-history":[{"count":3,"href":"http:\/\/antibarbarus.de\/index.php?rest_route=\/wp\/v2\/posts\/20928\/revisions"}],"predecessor-version":[{"id":20935,"href":"http:\/\/antibarbarus.de\/index.php?rest_route=\/wp\/v2\/posts\/20928\/revisions\/20935"}],"wp:attachment":[{"href":"http:\/\/antibarbarus.de\/index.php?rest_route=%2Fwp%2Fv2%2Fmedia&parent=20928"}],"wp:term":[{"taxonomy":"category","embeddable":true,"href":"http:\/\/antibarbarus.de\/index.php?rest_route=%2Fwp%2Fv2%2Fcategories&post=20928"},{"taxonomy":"post_tag","embeddable":true,"href":"http:\/\/antibarbarus.de\/index.php?rest_route=%2Fwp%2Fv2%2Ftags&post=20928"}],"curies":[{"name":"wp","href":"https:\/\/api.w.org\/{rel}","templated":true}]}}