{"id":20919,"date":"2021-03-14T13:58:37","date_gmt":"2021-03-14T12:58:37","guid":{"rendered":"http:\/\/antibarbarus.de\/?p=20919"},"modified":"2021-03-14T14:02:17","modified_gmt":"2021-03-14T13:02:17","slug":"suhrkamp-hat-jetzt-einen-hauslyriker","status":"publish","type":"post","link":"http:\/\/antibarbarus.de\/?p=20919","title":{"rendered":"Suhrkamp hat jetzt einen Hauslyriker"},"content":{"rendered":"\n<p>Jakob Nolte hat im Suhrkamp-Verlag einen neuen Roman ver\u00f6ffentlicht. Er hei\u00dft &#8222;Kurzes Buch \u00fcber Tobias&#8220; &#8211; aber um ihn soll es hier nicht gehen. Es geht eher darum, wie der Verlag seinen neuen Autor bewirbt. In einer tiefroten Anzeige in der Literaturbeilage der F.A.Z. stehen neben dem Cover des Buches nur zwei S\u00e4tze. Der eine:<\/p>\n\n\n\n<blockquote class=\"wp-block-quote is-layout-flow wp-block-quote-is-layout-flow\"><p>Jede Biographie ist ein Evangelium.<\/p><\/blockquote>\n\n\n\n<p>Ein in seiner Allgemeing\u00fcltigkeit eher zweifelhafter Satz. Meine Biographie jedenfalls ist kein Evangelium. Ich kenne auch niemanden in meinem Umfeld, dessen Biographie man als frohe Botschaft bezeichnen k\u00f6nnte. Bezieht sich der Satz also auf den Roman? Lesen wir dazu, was Suhrkamp \u00fcber das Buch seines neuen Autors schreibt (<a href=\"https:\/\/www.suhrkamp.de\/buecher\/kurzes_buch_ueber_tobias-jakob_nolte_42979.html\">hier<\/a> nachzulesen):<\/p>\n\n\n\n<blockquote class=\"wp-block-quote is-layout-flow wp-block-quote-is-layout-flow\"><p><em>Kurzes Buch \u00fcber Tobias <\/em>beschreibt in achtundvierzig Kapiteln das Leben des Schriftstellers, Pfarrers und Televangelisten Tobias Becker. Er wuchs in Niedersachsen auf und lebt in Berlin, spielt gern Tischtennis und will das Gute. Auf einer Reise nach Belgrad verliebt er sich in einen Mann namens Tobias und bekehrt sich zu Gott. Er wird Zeuge, wie Menschen zu Hasen werden, sich Liebe in Hass verwandelt und ein Flugzeug in den Alpen verbrennt. Wie viele M\u00e4nner w\u00e4hnt er einen Messias in sich. In Tobias Beckers Welt ist alles unausweichlich miteinander verwoben: Familie, Glauben, Subjekt und Gewalt. Es ist eine Welt voller Alptr\u00e4ume und Wunder.<\/p><\/blockquote>\n\n\n\n<p>Der Roman h\u00e4tte, wie man sieht, auch <em>Eine kurze Geschichte von fast allem<\/em> hei\u00dfen k\u00f6nnen &#8211; aber dieser Titel ist ja schon vergeben. <\/p>\n\n\n\n<p>Wie soll man nun, von der Handlung abgesehen, den Roman in seiner Bedeutung f\u00fcr die deutsche Literatur einsch\u00e4tzen? Dazu lesen wir bei Suhrkamp folgendes:<\/p>\n\n\n\n<blockquote class=\"wp-block-quote is-layout-flow wp-block-quote-is-layout-flow\"><p>Jakob Noltes neuer Roman ist eine moderne Heiligenerz\u00e4hlung, ein mystisches R\u00e4tsel. Er handelt von der Einsamkeit in der Heimat und der Verlorenheit in den St\u00e4dten, von Allmacht und gro\u00dfer Unsicherheit, Spiritualit\u00e4t und dem Internet, der Sehnsucht nach Zugeh\u00f6rigkeit und dem Streben nach Sinn. Er wirft alle Vorstellungen von biografischem oder autofiktionalem Schreiben \u00fcber den Haufen und lotet auf einzigartige Weise den Reichtum der Literatur aus: Erz\u00e4hlen voller Witz und Wissen, voller Romantik, Traurigkeit und funkelndem Humor.<\/p><\/blockquote>\n\n\n\n<p>Es ist, mir jedenfalls, ein <em>mystisches R\u00e4tsel<\/em>, wie der Mitarbeiter eines (immer noch) renommierten Verlags solche S\u00e4tze aufs Papier bringen kann. Oder hat man bei Suhrkamp jetzt einen Hauslyriker angestellt? Stellenbeschreibung: mu\u00df F\u00e4higkeiten im hymnischen Stil besitzen?<\/p>\n\n\n\n<p>Aber in der roten Verlagsanzeige steht noch ein zweiter Satz:<\/p>\n\n\n\n<blockquote class=\"wp-block-quote is-layout-flow wp-block-quote-is-layout-flow\"><p>Mit <em>Kurzes Buch \u00fcber Tobias<\/em> schreibt Jakob Nolte die Literatur auf einen neuen Nullpunkt zu.<\/p><\/blockquote>\n\n\n\n<p>Es ist ein Zitat von Lisa Krei\u00dfler vom NDR, das der Verlag offenbar f\u00fcr werbewirksam h\u00e4lt. Mir sind freilich B\u00fccher lieber, in denen der Autor zu einem neuen H\u00f6hepunkt der Literatur, und nicht zu deren Nullpunkt, strebt. Aber ich bin halt nur ein alt(modisch)er wei\u00dfer Mann. Ich w\u00e4hne ja nicht einmal &#8211; &#8222;wie viele M\u00e4nner&#8220; &#8211; einen Messias in mir! <\/p>\n","protected":false},"excerpt":{"rendered":"<p>Jakob Nolte hat im Suhrkamp-Verlag einen neuen Roman ver\u00f6ffentlicht. Er hei\u00dft &#8222;Kurzes Buch \u00fcber Tobias&#8220; &#8211; aber um ihn soll es hier nicht gehen. Es geht eher darum, wie der Verlag seinen neuen Autor bewirbt. In einer tiefroten Anzeige in &hellip; <a href=\"http:\/\/antibarbarus.de\/?p=20919\">Weiterlesen <span class=\"meta-nav\">&rarr;<\/span><\/a><\/p>\n","protected":false},"author":1,"featured_media":0,"comment_status":"open","ping_status":"open","sticky":false,"template":"","format":"standard","meta":{"footnotes":""},"categories":[11,9],"tags":[],"class_list":["post-20919","post","type-post","status-publish","format-standard","hentry","category-fernsehen","category-die-deutsche-sprache"],"_links":{"self":[{"href":"http:\/\/antibarbarus.de\/index.php?rest_route=\/wp\/v2\/posts\/20919","targetHints":{"allow":["GET"]}}],"collection":[{"href":"http:\/\/antibarbarus.de\/index.php?rest_route=\/wp\/v2\/posts"}],"about":[{"href":"http:\/\/antibarbarus.de\/index.php?rest_route=\/wp\/v2\/types\/post"}],"author":[{"embeddable":true,"href":"http:\/\/antibarbarus.de\/index.php?rest_route=\/wp\/v2\/users\/1"}],"replies":[{"embeddable":true,"href":"http:\/\/antibarbarus.de\/index.php?rest_route=%2Fwp%2Fv2%2Fcomments&post=20919"}],"version-history":[{"count":5,"href":"http:\/\/antibarbarus.de\/index.php?rest_route=\/wp\/v2\/posts\/20919\/revisions"}],"predecessor-version":[{"id":20924,"href":"http:\/\/antibarbarus.de\/index.php?rest_route=\/wp\/v2\/posts\/20919\/revisions\/20924"}],"wp:attachment":[{"href":"http:\/\/antibarbarus.de\/index.php?rest_route=%2Fwp%2Fv2%2Fmedia&parent=20919"}],"wp:term":[{"taxonomy":"category","embeddable":true,"href":"http:\/\/antibarbarus.de\/index.php?rest_route=%2Fwp%2Fv2%2Fcategories&post=20919"},{"taxonomy":"post_tag","embeddable":true,"href":"http:\/\/antibarbarus.de\/index.php?rest_route=%2Fwp%2Fv2%2Ftags&post=20919"}],"curies":[{"name":"wp","href":"https:\/\/api.w.org\/{rel}","templated":true}]}}