{"id":17166,"date":"2018-04-25T16:36:11","date_gmt":"2018-04-25T14:36:11","guid":{"rendered":"http:\/\/antibarbarus.de\/?p=17166"},"modified":"2018-04-25T16:36:11","modified_gmt":"2018-04-25T14:36:11","slug":"der-muslim-und-die-haare-der-frauen","status":"publish","type":"post","link":"http:\/\/antibarbarus.de\/?p=17166","title":{"rendered":"Der Muslim und die Haare der Frauen"},"content":{"rendered":"<p>In der Diskussion, ob M\u00e4dchen schon in der Grundschule ein Kopftuch tragen sollen, meldet sich (<a href=\"http:\/\/www.faz.net\/aktuell\/politik\/inland\/muslimische-schueler-in-wuppertal-nicht-ohne-mein-kopftuch-15557751.html\">hier<\/a> nachzulesen) auch ein Junge namens Mohammed zu Wort, der ein Gymnasium (!) in Wuppertal besucht:<\/p>\n<blockquote><p>Wenn man einen Mann hat als Frau, dann k\u00f6nnen ja andere M\u00e4nner die Haare sehen, und das ist wegen der Religion nicht gut.<\/p><\/blockquote>\n<p>Lieber Mohammed, wenn das wirklich Deine Ansicht ist, solltest Du ganz, ganz schnell mit deinen Eltern nach Saudi-Arabien oder in ein anderes islamisches Land auswandern. Hier bei uns gelten <em>unsere\u00a0<\/em> Regeln, nicht die des Orients. Kleine M\u00e4dchen tragen bei uns kein Kopftuch, und gro\u00dfe M\u00e4dchen erst recht nicht. Und ob ein Mann die Haare einer Frau sehen darf, ist nun wirklich keine Frage der Religion. So l\u00e4uft das hier nicht.<\/p>\n<p>Und sag deinen Eltern, da\u00df wir hier in Europa im 21. Jahrhundert leben und nicht mehr im Mittelalter.<\/p>\n","protected":false},"excerpt":{"rendered":"<p>In der Diskussion, ob M\u00e4dchen schon in der Grundschule ein Kopftuch tragen sollen, meldet sich (hier nachzulesen) auch ein Junge namens Mohammed zu Wort, der ein Gymnasium (!) in Wuppertal besucht: Wenn man einen Mann hat als Frau, dann k\u00f6nnen &hellip; <a href=\"http:\/\/antibarbarus.de\/?p=17166\">Weiterlesen <span class=\"meta-nav\">&rarr;<\/span><\/a><\/p>\n","protected":false},"author":1,"featured_media":0,"comment_status":"open","ping_status":"open","sticky":false,"template":"","format":"standard","meta":{"footnotes":""},"categories":[1],"tags":[],"class_list":["post-17166","post","type-post","status-publish","format-standard","hentry","category-uncategorized"],"_links":{"self":[{"href":"http:\/\/antibarbarus.de\/index.php?rest_route=\/wp\/v2\/posts\/17166","targetHints":{"allow":["GET"]}}],"collection":[{"href":"http:\/\/antibarbarus.de\/index.php?rest_route=\/wp\/v2\/posts"}],"about":[{"href":"http:\/\/antibarbarus.de\/index.php?rest_route=\/wp\/v2\/types\/post"}],"author":[{"embeddable":true,"href":"http:\/\/antibarbarus.de\/index.php?rest_route=\/wp\/v2\/users\/1"}],"replies":[{"embeddable":true,"href":"http:\/\/antibarbarus.de\/index.php?rest_route=%2Fwp%2Fv2%2Fcomments&post=17166"}],"version-history":[{"count":3,"href":"http:\/\/antibarbarus.de\/index.php?rest_route=\/wp\/v2\/posts\/17166\/revisions"}],"predecessor-version":[{"id":17169,"href":"http:\/\/antibarbarus.de\/index.php?rest_route=\/wp\/v2\/posts\/17166\/revisions\/17169"}],"wp:attachment":[{"href":"http:\/\/antibarbarus.de\/index.php?rest_route=%2Fwp%2Fv2%2Fmedia&parent=17166"}],"wp:term":[{"taxonomy":"category","embeddable":true,"href":"http:\/\/antibarbarus.de\/index.php?rest_route=%2Fwp%2Fv2%2Fcategories&post=17166"},{"taxonomy":"post_tag","embeddable":true,"href":"http:\/\/antibarbarus.de\/index.php?rest_route=%2Fwp%2Fv2%2Ftags&post=17166"}],"curies":[{"name":"wp","href":"https:\/\/api.w.org\/{rel}","templated":true}]}}