{"id":1705,"date":"2011-08-19T12:36:12","date_gmt":"2011-08-19T10:36:12","guid":{"rendered":"http:\/\/antibarbarus.de\/?p=1705"},"modified":"2011-08-19T12:36:12","modified_gmt":"2011-08-19T10:36:12","slug":"windkraft-fur-die-schwarzwaldklinik","status":"publish","type":"post","link":"http:\/\/antibarbarus.de\/?p=1705","title":{"rendered":"Windkraft f\u00fcr die Schwarzwaldklinik"},"content":{"rendered":"<p>Erinnern Sie sich noch an die <em>Schwarzwaldklinik<\/em>? Das war in den 80er Jahren eine der popul\u00e4rsten deutschen Fernsehserien. Wenn Professor Brinkmann zum Skalpell griff, schaltete fast ganz Deutschland den Fernseher ein &#8211; die Episode &#8222;Die Schuldfrage&#8220; sahen am 17. November 1985 sage und schreibe 27,97 Millionen Zuschauer &#8211; eine heute undenkbare Einschaltquote.<\/p>\n<p>Die (fiktive) Klinik lag im Glottertal im s\u00fcdlichen Schwarzwald. Die malerische Landschaft hat (neben den \u00fcblichen menschlichen Konflikten, wie sie in solchen Seifenopern mehr oder weniger unterhaltsam beschrieben werden) nicht wenig zum Erfolg der Serie beigetragen.<\/p>\n<p>Mit der Sch\u00f6nheit wird es bald vorbei sein.<\/p>\n<p>In Baden-W\u00fcrttemberg ist mit den letzten Wahlen der gr\u00fcne Geist eingezogen. &#8222;La\u00dft hundert Blumen bl\u00fchen&#8220;, forderte einst Mao Tse-tung (auch M\u00f6rder gro\u00dfen Stils haben ja ihre poetischen Momente!). La\u00dft im L\u00e4ndle tausend Windr\u00e4der rotieren! &#8211; das fordert, g\u00e4nzlich unpoetisch und mit sachlich-ingenieurhaftem Rigorismus, die Regierung Kretschmann. Und sie fordert es nicht nur, sie wird es mit allen Mitteln durchsetzen. Wetten?<\/p>\n<p>Wir haben es hier mit Gr\u00fcnen zu tun, die v\u00f6llig <em>denaturiert<\/em> sind. Sie haben (zumindest auf der Leitungsebene) kein Gesp\u00fcr mehr f\u00fcr die Nat\u00fcr, f\u00fcr ihre Sch\u00f6nheit, f\u00fcr ihre Schutzbed\u00fcrftigkeit. Ich erinnere mich noch gut an die 60er und 70er Jahre, also an die Anfangszeit der gr\u00fcnen Bewegung. Wenn man da von der Sch\u00f6nheit der Natur geredet hat, ist man aus allen Parteien heraus mit Hohngel\u00e4chter \u00fcbersch\u00fcttet oder &#8211; bestenfalls! &#8211; milde bel\u00e4chelt worden. Man war ein Spinner, ein <em>freak<\/em>. Die nur noch (energie-) technologisch ausgerichteten Gr\u00fcnen, das ist die traurige Wahrheit, w\u00fcrden heute in das Gel\u00e4chter einstimmen.<\/p>\n<p>Es gibt diesen sch\u00f6nen Satz aus einem Gedicht von G\u00fcnter Eich (ich habe ihn vor kurzem zitiert): &#8222;Wer m\u00f6chte leben ohne den Trost der B\u00e4ume!&#8220; Ich behaupte geradeheraus: die Gr\u00fcnen m\u00f6chten es. Sie zerst\u00f6ren den Wald da, wo er am sch\u00f6nsten ist: in unseren Mittelgebirgen. Der Wald wird zum blo\u00dfen Standort von Windkraftanlagen degradiert, man zerst\u00f6rt ohne jede Hemmung die sch\u00f6nsten Sichtachsen im Gebirge, man zerst\u00f6rt den Trost, der von diesen W\u00e4ldern ausgeht. <em>A thing of beauty is a joy forever?<\/em> Nicht mit uns, sagen die Gr\u00fcnen. <em>It will never pass into nothingness<\/em>, hei\u00dft es in Keats&#8216; wundersch\u00f6nem Gedicht von der Sch\u00f6nheit, aber da hat er seine Rechnung ohne die Gr\u00fcnen gemacht. Sch\u00f6nheit, Trost, Frieden &#8211; das sind W\u00f6rter, die K\u00fcnast und Trittin und Genossen v\u00f6llig fremd sind. Sie kommen offenbar fast allesamt aus der linken, technisch orientierten Str\u00f6mung der gr\u00fcnen Bewegung her, mit der sie ihre Machbarkeitsphantasien, ihre Ingenieursmentalit\u00e4t teilen.<\/p>\n<p>Und was hat das alles mit dem Glottertal zu tun?<\/p>\n<p>Dort hat gerade (wie man in der heutigen F.A.Z. nachlesen kann) eine Art Probeabstimmung stattgefunden: auf die Frage, ob man auf Brombeerkopf, Scheresk\u00f6pfle und Wuspeneck Windr\u00e4der aufstellen soll, hat sich tats\u00e4chlich eine Mehrheit von 641 zu 521 <em>f\u00fcr<\/em> die Windr\u00e4der ausgesprochen.<\/p>\n<p>Weil es aber in den meisten Orten anders aussieht, will man den Widerstand der B\u00fcrger gegen die Verspargelung des Schwarzwalds jetzt mit einem ganzen B\u00fcndel von Ma\u00dfnahmen brechen: das geht von der Einrichtung von Runden Tischen bis zur gesetzlichen Erschwerung von B\u00fcrgereinspr\u00fcchen.<\/p>\n<p>Der Erfolg ist zweifelhaft. Und auch im Glottertal wird man einmal begreifen, was man mit einem solchen Beschlu\u00df den k\u00fcnftigen Generationen angetan hat.<\/p>\n","protected":false},"excerpt":{"rendered":"<p>Erinnern Sie sich noch an die Schwarzwaldklinik? Das war in den 80er Jahren eine der popul\u00e4rsten deutschen Fernsehserien. Wenn Professor Brinkmann zum Skalpell griff, schaltete fast ganz Deutschland den Fernseher ein &#8211; die Episode &#8222;Die Schuldfrage&#8220; sahen am 17. November &hellip; <a href=\"http:\/\/antibarbarus.de\/?p=1705\">Weiterlesen <span class=\"meta-nav\">&rarr;<\/span><\/a><\/p>\n","protected":false},"author":1,"featured_media":0,"comment_status":"open","ping_status":"open","sticky":false,"template":"","format":"standard","meta":{"footnotes":""},"categories":[4,7,12,8],"tags":[],"class_list":["post-1705","post","type-post","status-publish","format-standard","hentry","category-die-grune-bewegung","category-natur","category-politik","category-windkraftanlagen"],"_links":{"self":[{"href":"http:\/\/antibarbarus.de\/index.php?rest_route=\/wp\/v2\/posts\/1705","targetHints":{"allow":["GET"]}}],"collection":[{"href":"http:\/\/antibarbarus.de\/index.php?rest_route=\/wp\/v2\/posts"}],"about":[{"href":"http:\/\/antibarbarus.de\/index.php?rest_route=\/wp\/v2\/types\/post"}],"author":[{"embeddable":true,"href":"http:\/\/antibarbarus.de\/index.php?rest_route=\/wp\/v2\/users\/1"}],"replies":[{"embeddable":true,"href":"http:\/\/antibarbarus.de\/index.php?rest_route=%2Fwp%2Fv2%2Fcomments&post=1705"}],"version-history":[{"count":10,"href":"http:\/\/antibarbarus.de\/index.php?rest_route=\/wp\/v2\/posts\/1705\/revisions"}],"predecessor-version":[{"id":1715,"href":"http:\/\/antibarbarus.de\/index.php?rest_route=\/wp\/v2\/posts\/1705\/revisions\/1715"}],"wp:attachment":[{"href":"http:\/\/antibarbarus.de\/index.php?rest_route=%2Fwp%2Fv2%2Fmedia&parent=1705"}],"wp:term":[{"taxonomy":"category","embeddable":true,"href":"http:\/\/antibarbarus.de\/index.php?rest_route=%2Fwp%2Fv2%2Fcategories&post=1705"},{"taxonomy":"post_tag","embeddable":true,"href":"http:\/\/antibarbarus.de\/index.php?rest_route=%2Fwp%2Fv2%2Ftags&post=1705"}],"curies":[{"name":"wp","href":"https:\/\/api.w.org\/{rel}","templated":true}]}}