{"id":16337,"date":"2017-06-29T17:55:52","date_gmt":"2017-06-29T15:55:52","guid":{"rendered":"http:\/\/antibarbarus.de\/?p=16337"},"modified":"2017-06-29T18:06:52","modified_gmt":"2017-06-29T16:06:52","slug":"bist-du-noch-ganz-gescheit-tuerkische-regierung","status":"publish","type":"post","link":"http:\/\/antibarbarus.de\/?p=16337","title":{"rendered":"Bist du noch ganz gescheit, t\u00fcrkische Regierung?"},"content":{"rendered":"<p>Du, t\u00fcrkische Regierung, nennst die (viel zu ma\u00dfvollen!) S\u00e4tze von Martin Schulz zu einem &#8222;Auftrittsverbot&#8220; f\u00fcr Erdogan &#8222;inakzeptable \u00c4u\u00dferungen&#8220;, die gegen die &#8222;Meinungs- und Versammlungsfreiheit&#8220; versto\u00dfen?<\/p>\n<p>Meinungs- und Versammlungsfreiheit?<\/p>\n<p>Das sagen ausgerechnet t\u00fcrkische Politiker, die daheim alle demokratischen Rechte abgeschafft und ganz Europa als Naziland beschimpft haben!<\/p>\n<p>Das ist an Dreistigkeit nicht mehr zu \u00fcberbieten. So ein Land brauchen wir in der NATO wirklich nicht.<\/p>\n","protected":false},"excerpt":{"rendered":"<p>Du, t\u00fcrkische Regierung, nennst die (viel zu ma\u00dfvollen!) S\u00e4tze von Martin Schulz zu einem &#8222;Auftrittsverbot&#8220; f\u00fcr Erdogan &#8222;inakzeptable \u00c4u\u00dferungen&#8220;, die gegen die &#8222;Meinungs- und Versammlungsfreiheit&#8220; versto\u00dfen? Meinungs- und Versammlungsfreiheit? Das sagen ausgerechnet t\u00fcrkische Politiker, die daheim alle demokratischen Rechte abgeschafft &hellip; <a href=\"http:\/\/antibarbarus.de\/?p=16337\">Weiterlesen <span class=\"meta-nav\">&rarr;<\/span><\/a><\/p>\n","protected":false},"author":1,"featured_media":0,"comment_status":"open","ping_status":"open","sticky":false,"template":"","format":"standard","meta":{"footnotes":""},"categories":[5,12],"tags":[],"class_list":["post-16337","post","type-post","status-publish","format-standard","hentry","category-islam","category-politik"],"_links":{"self":[{"href":"http:\/\/antibarbarus.de\/index.php?rest_route=\/wp\/v2\/posts\/16337","targetHints":{"allow":["GET"]}}],"collection":[{"href":"http:\/\/antibarbarus.de\/index.php?rest_route=\/wp\/v2\/posts"}],"about":[{"href":"http:\/\/antibarbarus.de\/index.php?rest_route=\/wp\/v2\/types\/post"}],"author":[{"embeddable":true,"href":"http:\/\/antibarbarus.de\/index.php?rest_route=\/wp\/v2\/users\/1"}],"replies":[{"embeddable":true,"href":"http:\/\/antibarbarus.de\/index.php?rest_route=%2Fwp%2Fv2%2Fcomments&post=16337"}],"version-history":[{"count":3,"href":"http:\/\/antibarbarus.de\/index.php?rest_route=\/wp\/v2\/posts\/16337\/revisions"}],"predecessor-version":[{"id":16340,"href":"http:\/\/antibarbarus.de\/index.php?rest_route=\/wp\/v2\/posts\/16337\/revisions\/16340"}],"wp:attachment":[{"href":"http:\/\/antibarbarus.de\/index.php?rest_route=%2Fwp%2Fv2%2Fmedia&parent=16337"}],"wp:term":[{"taxonomy":"category","embeddable":true,"href":"http:\/\/antibarbarus.de\/index.php?rest_route=%2Fwp%2Fv2%2Fcategories&post=16337"},{"taxonomy":"post_tag","embeddable":true,"href":"http:\/\/antibarbarus.de\/index.php?rest_route=%2Fwp%2Fv2%2Ftags&post=16337"}],"curies":[{"name":"wp","href":"https:\/\/api.w.org\/{rel}","templated":true}]}}