{"id":16334,"date":"2017-06-29T13:05:27","date_gmt":"2017-06-29T11:05:27","guid":{"rendered":"http:\/\/antibarbarus.de\/?p=16334"},"modified":"2017-06-29T14:07:55","modified_gmt":"2017-06-29T12:07:55","slug":"lieber-recep-tayyip-erdogan","status":"publish","type":"post","link":"http:\/\/antibarbarus.de\/?p=16334","title":{"rendered":"Lieber Recep Tayyip Erdo\u011fan!"},"content":{"rendered":"<p>Du erlaubst doch, da\u00df ich dich duze? Du duzt unsere Kanzlerin schlie\u00dflich auch. Und bei dir ist es ja kein Du der Freundschaft und Vertrautheit, sondern ein Zeichen tiefer Verachtung.<\/p>\n<p>Du kannst es also nicht lassen. Du willst tats\u00e4chlich in meinem sch\u00f6nen Land, in &#8222;Nazi-Deutschland&#8220;, wie du es nennst, zu deinen &#8222;Landsleuten&#8220; sprechen?<\/p>\n<p>Erst einmal: viele der t\u00fcrkischst\u00e4mmigen Menschen, zu denen du hier sprechen willst, sind nicht <em>deine<\/em>, sondern <em>meine<\/em> Landsleute, sie sind deutsche Staatsb\u00fcrger. Selbst wenn sie Sympathie oder Nachsicht f\u00fcr deine Gro\u00dfm\u00e4uligkeit und deine Unversch\u00e4mtheiten haben, bleiben sie doch Deutsche.<\/p>\n<p>Zweitens: Respekt und H\u00f6flichkeit hast du wohl nie gelernt. Du beschimpfst mein Land in w\u00fcsten T\u00f6nen &#8211; und glaubst wirklich, du k\u00f6nntest dich dann auch noch dreist selbst einladen? Merke: du bist und bleibst in Deutschland eine <em>persona non grata. <\/em><\/p>\n<p>Du hast aus der T\u00fcrkei, einem gro\u00dfen, sch\u00f6nen Land, ein einziges Gef\u00e4ngnis &#8211; <em>dein Gef\u00e4ngnis<\/em> &#8211; gemacht.<\/p>\n<p>Auch deshalb wollen wir dich hier nicht haben.<\/p>\n<p>Dein Lupulus,<br \/>\nder sich freut, in einem freien Land und nicht unter der Knute eines Sultans zu leben.<\/p>\n","protected":false},"excerpt":{"rendered":"<p>Du erlaubst doch, da\u00df ich dich duze? Du duzt unsere Kanzlerin schlie\u00dflich auch. Und bei dir ist es ja kein Du der Freundschaft und Vertrautheit, sondern ein Zeichen tiefer Verachtung. Du kannst es also nicht lassen. Du willst tats\u00e4chlich in &hellip; <a href=\"http:\/\/antibarbarus.de\/?p=16334\">Weiterlesen <span class=\"meta-nav\">&rarr;<\/span><\/a><\/p>\n","protected":false},"author":1,"featured_media":0,"comment_status":"open","ping_status":"open","sticky":false,"template":"","format":"standard","meta":{"footnotes":""},"categories":[5,12],"tags":[],"class_list":["post-16334","post","type-post","status-publish","format-standard","hentry","category-islam","category-politik"],"_links":{"self":[{"href":"http:\/\/antibarbarus.de\/index.php?rest_route=\/wp\/v2\/posts\/16334","targetHints":{"allow":["GET"]}}],"collection":[{"href":"http:\/\/antibarbarus.de\/index.php?rest_route=\/wp\/v2\/posts"}],"about":[{"href":"http:\/\/antibarbarus.de\/index.php?rest_route=\/wp\/v2\/types\/post"}],"author":[{"embeddable":true,"href":"http:\/\/antibarbarus.de\/index.php?rest_route=\/wp\/v2\/users\/1"}],"replies":[{"embeddable":true,"href":"http:\/\/antibarbarus.de\/index.php?rest_route=%2Fwp%2Fv2%2Fcomments&post=16334"}],"version-history":[{"count":2,"href":"http:\/\/antibarbarus.de\/index.php?rest_route=\/wp\/v2\/posts\/16334\/revisions"}],"predecessor-version":[{"id":16336,"href":"http:\/\/antibarbarus.de\/index.php?rest_route=\/wp\/v2\/posts\/16334\/revisions\/16336"}],"wp:attachment":[{"href":"http:\/\/antibarbarus.de\/index.php?rest_route=%2Fwp%2Fv2%2Fmedia&parent=16334"}],"wp:term":[{"taxonomy":"category","embeddable":true,"href":"http:\/\/antibarbarus.de\/index.php?rest_route=%2Fwp%2Fv2%2Fcategories&post=16334"},{"taxonomy":"post_tag","embeddable":true,"href":"http:\/\/antibarbarus.de\/index.php?rest_route=%2Fwp%2Fv2%2Ftags&post=16334"}],"curies":[{"name":"wp","href":"https:\/\/api.w.org\/{rel}","templated":true}]}}