{"id":16218,"date":"2017-05-27T23:21:23","date_gmt":"2017-05-27T21:21:23","guid":{"rendered":"http:\/\/antibarbarus.de\/?p=16218"},"modified":"2017-05-27T23:21:23","modified_gmt":"2017-05-27T21:21:23","slug":"hat-praesident-plump-den-westen-demontiert","status":"publish","type":"post","link":"http:\/\/antibarbarus.de\/?p=16218","title":{"rendered":"Hat Pr\u00e4sident Plump &#8222;den Westen demontiert&#8220;?"},"content":{"rendered":"<p>So schreibt es n\u00e4mlich das Qualit\u00e4tsmagazin Focus. Und der (namenlose) Focus-Journalist f\u00fcgt hinzu:<\/p>\n<blockquote><p>Nachdem aus der G8 die\u00a0G7\u00a0ohne Ru\u00dfland wurde, droht jetzt G0.<\/p><\/blockquote>\n<p>G-Null soll das hei\u00dfen. Das ist aber eine Mathematik, die ich nun wirklich nicht verstehe. F\u00fcr mich gilt, nach Adam Riese, immer noch: G7 minus 1 ist G6.<\/p>\n<p>Wir Europ\u00e4er k\u00f6nnen doch stolz darauf sein, da\u00df bei allen Reibungen und Unterschieden ein so primitiver, selbstgef\u00e4lliger, plumper Politiker wie Trump nicht unter uns ist. Wenn das amerikanische Volk so einen Menschen w\u00e4hlt, dann mu\u00df es das selbst vor der eigenen Geschichte verantworten &#8211; und es mu\u00df die Folgen tragen.<\/p>\n<p>Sind wir Europ\u00e4er ohne Trump eine Null? Beileibe nicht. Wir sollten uns nur nicht immer so klein machen. Wir vertreten heute das Gute in der Geschichte der letzten Jahrhunderte, mit allen H\u00f6hen und Tiefen freilich &#8211; aber verglichen mit diesem uns\u00e4glichen, r\u00fcpelhaften Mann aus Washington, der wahrhaftig &#8222;so amazing!&#8220; ins G\u00e4stebuch von Yad Vashem geschrieben hat, k\u00f6nnen wir uns nun wirklich sehen lassen.<\/p>\n","protected":false},"excerpt":{"rendered":"<p>So schreibt es n\u00e4mlich das Qualit\u00e4tsmagazin Focus. Und der (namenlose) Focus-Journalist f\u00fcgt hinzu: Nachdem aus der G8 die\u00a0G7\u00a0ohne Ru\u00dfland wurde, droht jetzt G0. G-Null soll das hei\u00dfen. Das ist aber eine Mathematik, die ich nun wirklich nicht verstehe. F\u00fcr mich &hellip; <a href=\"http:\/\/antibarbarus.de\/?p=16218\">Weiterlesen <span class=\"meta-nav\">&rarr;<\/span><\/a><\/p>\n","protected":false},"author":1,"featured_media":0,"comment_status":"open","ping_status":"open","sticky":false,"template":"","format":"standard","meta":{"footnotes":""},"categories":[12,9],"tags":[],"class_list":["post-16218","post","type-post","status-publish","format-standard","hentry","category-politik","category-die-deutsche-sprache"],"_links":{"self":[{"href":"http:\/\/antibarbarus.de\/index.php?rest_route=\/wp\/v2\/posts\/16218","targetHints":{"allow":["GET"]}}],"collection":[{"href":"http:\/\/antibarbarus.de\/index.php?rest_route=\/wp\/v2\/posts"}],"about":[{"href":"http:\/\/antibarbarus.de\/index.php?rest_route=\/wp\/v2\/types\/post"}],"author":[{"embeddable":true,"href":"http:\/\/antibarbarus.de\/index.php?rest_route=\/wp\/v2\/users\/1"}],"replies":[{"embeddable":true,"href":"http:\/\/antibarbarus.de\/index.php?rest_route=%2Fwp%2Fv2%2Fcomments&post=16218"}],"version-history":[{"count":2,"href":"http:\/\/antibarbarus.de\/index.php?rest_route=\/wp\/v2\/posts\/16218\/revisions"}],"predecessor-version":[{"id":16220,"href":"http:\/\/antibarbarus.de\/index.php?rest_route=\/wp\/v2\/posts\/16218\/revisions\/16220"}],"wp:attachment":[{"href":"http:\/\/antibarbarus.de\/index.php?rest_route=%2Fwp%2Fv2%2Fmedia&parent=16218"}],"wp:term":[{"taxonomy":"category","embeddable":true,"href":"http:\/\/antibarbarus.de\/index.php?rest_route=%2Fwp%2Fv2%2Fcategories&post=16218"},{"taxonomy":"post_tag","embeddable":true,"href":"http:\/\/antibarbarus.de\/index.php?rest_route=%2Fwp%2Fv2%2Ftags&post=16218"}],"curies":[{"name":"wp","href":"https:\/\/api.w.org\/{rel}","templated":true}]}}