{"id":16216,"date":"2017-05-26T09:32:52","date_gmt":"2017-05-26T07:32:52","guid":{"rendered":"http:\/\/antibarbarus.de\/?p=16216"},"modified":"2017-05-26T09:32:52","modified_gmt":"2017-05-26T07:32:52","slug":"the-germans-are-bad-very-bad","status":"publish","type":"post","link":"http:\/\/antibarbarus.de\/?p=16216","title":{"rendered":"&#8222;The Germans are bad, very bad!&#8220;"},"content":{"rendered":"<p>Also sprach Donald Plump, der Pr\u00e4sident der Vereinigten Staateen, und es w\u00e4re schon interessant, einmal zu erfahren, wie die Europ\u00e4er hinter verschlossenen T\u00fcren auf den R\u00fcpel aus Amerika reagiert haben.<\/p>\n<p>Seine Reden und sein schon jetzt ber\u00fcchtigter Eintrag ins G\u00e4stebuch von Yad Vashem (&#8222;so amazing&#8220;) werfen eine andere Frage auf: wie ist es eigentlich um das Vokabular dieses Mannes bestellt?<\/p>\n<p>Man sollte einmal die von ihm verwendeten W\u00f6rter in einem W\u00f6rterbuch zusammenstellen. Das schmale B\u00fcchlein k\u00f6nnte sich bestimmt jeder K\u00e4ufer leisten.<\/p>\n","protected":false},"excerpt":{"rendered":"<p>Also sprach Donald Plump, der Pr\u00e4sident der Vereinigten Staateen, und es w\u00e4re schon interessant, einmal zu erfahren, wie die Europ\u00e4er hinter verschlossenen T\u00fcren auf den R\u00fcpel aus Amerika reagiert haben. Seine Reden und sein schon jetzt ber\u00fcchtigter Eintrag ins G\u00e4stebuch &hellip; <a href=\"http:\/\/antibarbarus.de\/?p=16216\">Weiterlesen <span class=\"meta-nav\">&rarr;<\/span><\/a><\/p>\n","protected":false},"author":1,"featured_media":0,"comment_status":"open","ping_status":"open","sticky":false,"template":"","format":"standard","meta":{"footnotes":""},"categories":[12,15,9],"tags":[],"class_list":["post-16216","post","type-post","status-publish","format-standard","hentry","category-politik","category-sonstiges","category-die-deutsche-sprache"],"_links":{"self":[{"href":"http:\/\/antibarbarus.de\/index.php?rest_route=\/wp\/v2\/posts\/16216","targetHints":{"allow":["GET"]}}],"collection":[{"href":"http:\/\/antibarbarus.de\/index.php?rest_route=\/wp\/v2\/posts"}],"about":[{"href":"http:\/\/antibarbarus.de\/index.php?rest_route=\/wp\/v2\/types\/post"}],"author":[{"embeddable":true,"href":"http:\/\/antibarbarus.de\/index.php?rest_route=\/wp\/v2\/users\/1"}],"replies":[{"embeddable":true,"href":"http:\/\/antibarbarus.de\/index.php?rest_route=%2Fwp%2Fv2%2Fcomments&post=16216"}],"version-history":[{"count":1,"href":"http:\/\/antibarbarus.de\/index.php?rest_route=\/wp\/v2\/posts\/16216\/revisions"}],"predecessor-version":[{"id":16217,"href":"http:\/\/antibarbarus.de\/index.php?rest_route=\/wp\/v2\/posts\/16216\/revisions\/16217"}],"wp:attachment":[{"href":"http:\/\/antibarbarus.de\/index.php?rest_route=%2Fwp%2Fv2%2Fmedia&parent=16216"}],"wp:term":[{"taxonomy":"category","embeddable":true,"href":"http:\/\/antibarbarus.de\/index.php?rest_route=%2Fwp%2Fv2%2Fcategories&post=16216"},{"taxonomy":"post_tag","embeddable":true,"href":"http:\/\/antibarbarus.de\/index.php?rest_route=%2Fwp%2Fv2%2Ftags&post=16216"}],"curies":[{"name":"wp","href":"https:\/\/api.w.org\/{rel}","templated":true}]}}