{"id":13473,"date":"2015-06-26T16:51:26","date_gmt":"2015-06-26T14:51:26","guid":{"rendered":"http:\/\/antibarbarus.de\/?p=13473"},"modified":"2015-06-26T21:44:12","modified_gmt":"2015-06-26T19:44:12","slug":"auf-die-strassen-muslime","status":"publish","type":"post","link":"http:\/\/antibarbarus.de\/?p=13473","title":{"rendered":"Auf die Stra\u00dfen, Muslime!"},"content":{"rendered":"<p>Die ruchlosen Verbrechen, die ausdr\u00fccklich und seit Jahrzehnten fast ausschlie\u00dflich im Namen des Propheten ver\u00fcbt werden, sind heute wieder auf grausame Weise vermehrt worden. In Frankreich haben fromme Muslime einen Menschen gek\u00f6pft, in Tunesien haben sie 37 Touristen ermordet, die in Sousse einfach nur ihren Urlaub verbringen wollten.<\/p>\n<p>Was ist das f\u00fcr ein erb\u00e4rmliches Pack, das mit seinem Leben nichts Besseres anzustellen wei\u00df, als unschuldige Menschen zu massakrieren! Kann man sich etwas Armseligeres, Niedrigeres vorstellen?<\/p>\n<p>So, und jetzt fragen wir uns einmal, was unsere europ\u00e4ischen Muslime dazu sagen, die hier unbehelligt leben und (anders als die Christen in den muslimischen L\u00e4ndern, die fast \u00fcberall verfolgt werden) in immer mehr und immer imposanteren Moscheen ihre Religion frei aus\u00fcben k\u00f6nnen.<\/p>\n<p>Gehen sie jetzt in Massen auf die Stra\u00dfe, um sich von dem M\u00f6rderpack zu distanzieren, das seine Verbechen im Namen des Islams begeht? Sind sie ersch\u00fcttert \u00fcber die Brutalit\u00e4t ihrer Glaubensgenossen? Fangen sie an, dar\u00fcber nachzudenken, warum gerade Muslime zur Gei\u00dfel der Menschheit geworden sind?<\/p>\n<p>Ich bin sicher: nichts von alledem wird geschehen. Die Islamverb\u00e4nde werden (wie immer) einfach nur sagen: wer so etwas Schreckliches macht, ist kein Muslim. Deshalb, werden sie sagen, haben wir, die Muslime in Europa, damit gar nichts zu tun. Und dann werden sie noch ein paar Zitate aus dem Koran zitieren, die besonders friedlich klingen.<\/p>\n<p>Und dann wundern sie sich allen Ernstes, da\u00df die Feindseligkeit gegen\u00fcber dem Islam immer mehr zunimmt?<\/p>\n","protected":false},"excerpt":{"rendered":"<p>Die ruchlosen Verbrechen, die ausdr\u00fccklich und seit Jahrzehnten fast ausschlie\u00dflich im Namen des Propheten ver\u00fcbt werden, sind heute wieder auf grausame Weise vermehrt worden. In Frankreich haben fromme Muslime einen Menschen gek\u00f6pft, in Tunesien haben sie 37 Touristen ermordet, die &hellip; <a href=\"http:\/\/antibarbarus.de\/?p=13473\">Weiterlesen <span class=\"meta-nav\">&rarr;<\/span><\/a><\/p>\n","protected":false},"author":1,"featured_media":0,"comment_status":"open","ping_status":"open","sticky":false,"template":"","format":"standard","meta":{"footnotes":""},"categories":[3,5],"tags":[],"class_list":["post-13473","post","type-post","status-publish","format-standard","hentry","category-christentum","category-islam"],"_links":{"self":[{"href":"http:\/\/antibarbarus.de\/index.php?rest_route=\/wp\/v2\/posts\/13473","targetHints":{"allow":["GET"]}}],"collection":[{"href":"http:\/\/antibarbarus.de\/index.php?rest_route=\/wp\/v2\/posts"}],"about":[{"href":"http:\/\/antibarbarus.de\/index.php?rest_route=\/wp\/v2\/types\/post"}],"author":[{"embeddable":true,"href":"http:\/\/antibarbarus.de\/index.php?rest_route=\/wp\/v2\/users\/1"}],"replies":[{"embeddable":true,"href":"http:\/\/antibarbarus.de\/index.php?rest_route=%2Fwp%2Fv2%2Fcomments&post=13473"}],"version-history":[{"count":5,"href":"http:\/\/antibarbarus.de\/index.php?rest_route=\/wp\/v2\/posts\/13473\/revisions"}],"predecessor-version":[{"id":13478,"href":"http:\/\/antibarbarus.de\/index.php?rest_route=\/wp\/v2\/posts\/13473\/revisions\/13478"}],"wp:attachment":[{"href":"http:\/\/antibarbarus.de\/index.php?rest_route=%2Fwp%2Fv2%2Fmedia&parent=13473"}],"wp:term":[{"taxonomy":"category","embeddable":true,"href":"http:\/\/antibarbarus.de\/index.php?rest_route=%2Fwp%2Fv2%2Fcategories&post=13473"},{"taxonomy":"post_tag","embeddable":true,"href":"http:\/\/antibarbarus.de\/index.php?rest_route=%2Fwp%2Fv2%2Ftags&post=13473"}],"curies":[{"name":"wp","href":"https:\/\/api.w.org\/{rel}","templated":true}]}}