{"id":13272,"date":"2015-05-10T18:09:46","date_gmt":"2015-05-10T16:09:46","guid":{"rendered":"http:\/\/antibarbarus.de\/?p=13272"},"modified":"2015-05-13T08:36:23","modified_gmt":"2015-05-13T06:36:23","slug":"erdogan-in-karlsruhe","status":"publish","type":"post","link":"http:\/\/antibarbarus.de\/?p=13272","title":{"rendered":"Erdogan in Karlsruhe"},"content":{"rendered":"<p>Wie kommen die deutschen Beh\u00f6rden eigentlich dazu, den t\u00fcrkischen Pr\u00e4sidenten hier in unserem Land Wahlkampf machen zu lassen? Haben sie seit seiner K\u00f6lner Hetzrede nichts dazugelernt?<\/p>\n<p>Erdogan darf als Pr\u00e4sident, der nach t\u00fcrkischem Recht \u00fcber den Parteien steht, gar keinen Wahlkampf f\u00fcr die AKP machen. Er macht es trotzdem &#8211; mit aktiver Unterst\u00fctzung der deutschen Beh\u00f6rden. In der T\u00fcrkei schl\u00e4gt ihm bei diesem Bruch der t\u00fcrkischen Verfassung (au\u00dfer bei seinen devoten Lakaien) gro\u00dfer Widerstand entgegen, aber die Regierung Merkel l\u00e4\u00dft ihn hier gew\u00e4hren. Das mu\u00df nun wirklich nicht sein. Erdogan hat sich gegen den europ\u00e4ischen &#8222;Christenklub&#8220; (so nennt er die EU) immer wieder mit einer solchen Geh\u00e4ssigkeit und Gro\u00dfm\u00e4uligkeit ge\u00e4u\u00dfert, da\u00df man ihm die Gelegenheit zum Aufhetzen unserer t\u00fcrkischst\u00e4mmigen Mitb\u00fcrger endlich nehmen sollte.<\/p>\n<p>Sein religi\u00f6ser Fanatismus wird immer dreister. Im ostanatolischen Siirt hat er vor kurzem jenes Gedicht wieder zitiert, das ihm in den 90er Jahren eine Haftstrafe eingebracht hat:<\/p>\n<blockquote><p>Die Moscheen sind unsere Kasernen, die Minarette unsere Bajonette!<\/p><\/blockquote>\n<p>Ob das t\u00fcrkische Volk ihm solche Reden erlaubt, ist nat\u00fcrlich Sache des t\u00fcrkischen Volkes. Aber einen solchen Mann will hier im demokratischen Deutschland niemand haben. Wir sollten die demokratischen Kr\u00e4fte in der T\u00fcrkei unterst\u00fctzen, statt Erdogan, der immer wieder die t\u00fcrkischst\u00e4mmigen B\u00fcrger in Deutschland aufhetzt und als seine pers\u00f6nlichen Untertanen betrachtet, auch noch eine Plattform f\u00fcr seine Hetztiraden bieten.<\/p>\n<p>Wer Erdogan unbedingt anbeten will, kann das ja in der T\u00fcrkei tun.<\/p>\n","protected":false},"excerpt":{"rendered":"<p>Wie kommen die deutschen Beh\u00f6rden eigentlich dazu, den t\u00fcrkischen Pr\u00e4sidenten hier in unserem Land Wahlkampf machen zu lassen? Haben sie seit seiner K\u00f6lner Hetzrede nichts dazugelernt? Erdogan darf als Pr\u00e4sident, der nach t\u00fcrkischem Recht \u00fcber den Parteien steht, gar keinen &hellip; <a href=\"http:\/\/antibarbarus.de\/?p=13272\">Weiterlesen <span class=\"meta-nav\">&rarr;<\/span><\/a><\/p>\n","protected":false},"author":1,"featured_media":0,"comment_status":"open","ping_status":"open","sticky":false,"template":"","format":"standard","meta":{"footnotes":""},"categories":[5,12],"tags":[],"class_list":["post-13272","post","type-post","status-publish","format-standard","hentry","category-islam","category-politik"],"_links":{"self":[{"href":"http:\/\/antibarbarus.de\/index.php?rest_route=\/wp\/v2\/posts\/13272","targetHints":{"allow":["GET"]}}],"collection":[{"href":"http:\/\/antibarbarus.de\/index.php?rest_route=\/wp\/v2\/posts"}],"about":[{"href":"http:\/\/antibarbarus.de\/index.php?rest_route=\/wp\/v2\/types\/post"}],"author":[{"embeddable":true,"href":"http:\/\/antibarbarus.de\/index.php?rest_route=\/wp\/v2\/users\/1"}],"replies":[{"embeddable":true,"href":"http:\/\/antibarbarus.de\/index.php?rest_route=%2Fwp%2Fv2%2Fcomments&post=13272"}],"version-history":[{"count":4,"href":"http:\/\/antibarbarus.de\/index.php?rest_route=\/wp\/v2\/posts\/13272\/revisions"}],"predecessor-version":[{"id":13285,"href":"http:\/\/antibarbarus.de\/index.php?rest_route=\/wp\/v2\/posts\/13272\/revisions\/13285"}],"wp:attachment":[{"href":"http:\/\/antibarbarus.de\/index.php?rest_route=%2Fwp%2Fv2%2Fmedia&parent=13272"}],"wp:term":[{"taxonomy":"category","embeddable":true,"href":"http:\/\/antibarbarus.de\/index.php?rest_route=%2Fwp%2Fv2%2Fcategories&post=13272"},{"taxonomy":"post_tag","embeddable":true,"href":"http:\/\/antibarbarus.de\/index.php?rest_route=%2Fwp%2Fv2%2Ftags&post=13272"}],"curies":[{"name":"wp","href":"https:\/\/api.w.org\/{rel}","templated":true}]}}