{"id":12439,"date":"2014-12-06T16:58:36","date_gmt":"2014-12-06T15:58:36","guid":{"rendered":"http:\/\/antibarbarus.de\/?p=12439"},"modified":"2014-12-06T16:58:36","modified_gmt":"2014-12-06T15:58:36","slug":"erdogans-palast-ich-bin-einer-falschmeldung-aufgesessen","status":"publish","type":"post","link":"http:\/\/antibarbarus.de\/?p=12439","title":{"rendered":"Erdogans Palast: ich bin einer Falschmeldung aufgesessen!"},"content":{"rendered":"<p>Ich mu\u00df mich bei meinen Lesern in aller Form entschuldigen. Vor Tagen habe ich gleich mehrfach geschrieben, da\u00df Erdogans neuer Palast in Ankara &#8222;tausendzimmrig&#8220; sei. Da bin ich leider auf Pressemeldungen hereingefallen, die Erdogan jetzt dankenswerterweise selbst korrigiert hat.<\/p>\n<p>Er zeigte sich n\u00e4mlich, wie es in der Presse hei\u00dft, einigerma\u00dfen gekr\u00e4nkt von den Ger\u00fcchten \u00fcber die Zahl der Zimmer. Vor Gesch\u00e4ftsleuten in Istanbul sagte er in einer Richtigstellung, auf die die Welt gewartet hat (<a title=\"hier\" href=\"http:\/\/www.stern.de\/politik\/ausland\/erdogans-palast-in-ankara-noch-groesser-als-vermutet-2158103.html\">hier<\/a> nachzulesen) \u00fcber seinen Palast:<\/p>\n<blockquote><p>Lassen Sie mich Ihnen sagen, er beherbergt mindestens 1150 Zimmer, nicht nur tausend.<\/p><\/blockquote>\n<p>Aber, so f\u00fcgte er in aller Bescheidenheit hinzu: &#8222;Man spart nicht, wenn es um das Prestige einer Nation geht.&#8220; Der Palast geh\u00f6re ja auch nicht ihm, sondern dem t\u00fcrkischen Volk.<\/p>\n<p>Deshalb soll neben dem Palast, wie die Deutsche Welle erfahren hat, auch noch ein zus\u00e4tzlicher Wohntrakt mit 250 Zimmern gebaut werden.<\/p>\n","protected":false},"excerpt":{"rendered":"<p>Ich mu\u00df mich bei meinen Lesern in aller Form entschuldigen. Vor Tagen habe ich gleich mehrfach geschrieben, da\u00df Erdogans neuer Palast in Ankara &#8222;tausendzimmrig&#8220; sei. Da bin ich leider auf Pressemeldungen hereingefallen, die Erdogan jetzt dankenswerterweise selbst korrigiert hat. Er &hellip; <a href=\"http:\/\/antibarbarus.de\/?p=12439\">Weiterlesen <span class=\"meta-nav\">&rarr;<\/span><\/a><\/p>\n","protected":false},"author":1,"featured_media":0,"comment_status":"open","ping_status":"open","sticky":false,"template":"","format":"standard","meta":{"footnotes":""},"categories":[6,5,12],"tags":[],"class_list":["post-12439","post","type-post","status-publish","format-standard","hentry","category-architektur","category-islam","category-politik"],"_links":{"self":[{"href":"http:\/\/antibarbarus.de\/index.php?rest_route=\/wp\/v2\/posts\/12439","targetHints":{"allow":["GET"]}}],"collection":[{"href":"http:\/\/antibarbarus.de\/index.php?rest_route=\/wp\/v2\/posts"}],"about":[{"href":"http:\/\/antibarbarus.de\/index.php?rest_route=\/wp\/v2\/types\/post"}],"author":[{"embeddable":true,"href":"http:\/\/antibarbarus.de\/index.php?rest_route=\/wp\/v2\/users\/1"}],"replies":[{"embeddable":true,"href":"http:\/\/antibarbarus.de\/index.php?rest_route=%2Fwp%2Fv2%2Fcomments&post=12439"}],"version-history":[{"count":2,"href":"http:\/\/antibarbarus.de\/index.php?rest_route=\/wp\/v2\/posts\/12439\/revisions"}],"predecessor-version":[{"id":12441,"href":"http:\/\/antibarbarus.de\/index.php?rest_route=\/wp\/v2\/posts\/12439\/revisions\/12441"}],"wp:attachment":[{"href":"http:\/\/antibarbarus.de\/index.php?rest_route=%2Fwp%2Fv2%2Fmedia&parent=12439"}],"wp:term":[{"taxonomy":"category","embeddable":true,"href":"http:\/\/antibarbarus.de\/index.php?rest_route=%2Fwp%2Fv2%2Fcategories&post=12439"},{"taxonomy":"post_tag","embeddable":true,"href":"http:\/\/antibarbarus.de\/index.php?rest_route=%2Fwp%2Fv2%2Ftags&post=12439"}],"curies":[{"name":"wp","href":"https:\/\/api.w.org\/{rel}","templated":true}]}}