{"id":10340,"date":"2014-02-02T00:07:26","date_gmt":"2014-02-01T23:07:26","guid":{"rendered":"http:\/\/antibarbarus.de\/?p=10340"},"modified":"2014-02-02T00:22:32","modified_gmt":"2014-02-01T23:22:32","slug":"zigeuner","status":"publish","type":"post","link":"http:\/\/antibarbarus.de\/?p=10340","title":{"rendered":"Zigeuner"},"content":{"rendered":"<p>Schon diesen Namen zu gebrauchen, f\u00fchrt in ein ideologisches Minenfeld. &#8222;Zigeuner&#8220; &#8211; das sagt man einfach nicht, das Wort steht in einer Reihe mit Neger, Lappe oder Eskimo. Es ist aber nun einmal so, da\u00df viele dieser Namen, obwohl sie zum Teil pejorativ gebraucht werden, immer noch unersetzliche Oberbegriffe sind. Wer auf sie aus historischen oder ideologischen Gr\u00fcnden verzichten will, mu\u00df auf absurde Wortkonstrukte zur\u00fcckgreifen: aus den Eskimos werden dann, ganz und gar nicht im Sinne vieler Angeh\u00f6riger dieses Volkes, Inuit, die Lappen werden zu Samen &#8211; und die Zigeuner?<\/p>\n<p>Sie sind &#8222;Sinti und Roma&#8220; (da mu\u00df ich also, wenn ich ein Individuum bezeichnen will, vorher wissen, ob er zu den Sinti oder den Roma geh\u00f6rt!), und weil in polizeilichen Protokollen selbst das schon als diskriminierend gilt, tauchen dort Bezeichnungen wie &#8222;gew\u00f6hnlich umherziehende Personengruppe&#8220; auf. Da\u00df viele Zigeuner sich selbst &#8222;Zigeuner&#8220; nennen, interessiert den fortschrittlichen, politisch korrekten Ideologen von heute \u00fcberhaupt nicht.<\/p>\n<p>Das alles ist, mit einem Wort, ein einziges Narrenhaus.<\/p>\n<p>Die Zigeuner (ich lasse mir dieses Wort im \u00fcbrigen schon deshalb von niemandem verbieten, weil es daf\u00fcr keinen vern\u00fcnftigen Ersatz gibt) haben mittlerweile eine erstaunlich emsige und \u00fcberall pr\u00e4sente Lobby, allen voran der &#8222;Zentralrat deutscher Sinti und Roma&#8220; von Romani Rose, der zurecht vor Jahrzehnten die Ausrottungspolitik der Nationalsozialisten gegen die\u00a0 Zigeuner ins \u00f6ffentliche Bewu\u00dftsein gebracht hat.<\/p>\n<p>Anders sieht es freilich mit selbstkritischen Einsichten aus. Da\u00df die Vertreter der Zigeuner auch einmal \u00f6ffentlich \u00fcber eigene Defizite nachdenken, kommt praktisch nicht vor. Es ist ja keineswegs &#8222;Antiziganismus&#8220; (im \u00fcbrigen eines dieser modernen Dummw\u00f6rter wie &#8222;Islamophobie&#8220; oder &#8222;Homophobie&#8220;), wenn man auf die schwerreichen Clanchefs etwa in Rum\u00e4nien hinweist, die ihre Kinder zum Stehlen und die T\u00f6chter zum Anschaffen schicken. Der Wiener Sozialp\u00e4dagoge Norbert Ceipek hat dar\u00fcber geforscht, und die F.A.Z. hat ausf\u00fchrlich \u00fcber dieses System berichtet (<a title=\"hier\" href=\"http:\/\/www.faz.net\/aktuell\/politik\/ausland\/europa\/roma-clans-elend-als-geschaeftsmodell-12092059.html\">hier<\/a> nachzulesen).<\/p>\n<p>Am Freitag hat Rupert Neudeck, der gewi\u00df jeder Art von Diskriminierung unverd\u00e4chtig ist, in einem f\u00fcr die F.A.Z. geschriebenem Beitrag (&#8222;Fremde Federn&#8220;) \u00e4hnliche Erfahrungen beschrieben. Wer als Deutscher \u00fcber Zigeuner schreibt (wie etwa der Journalist Rolf Bauerdick) wird von deren Verb\u00e4nden sofort als &#8222;Nazi&#8220; beschimpft. Auch Neudeck selbst, der seine Erfahrungen aus dem Kosovo kommentierte, wurde sofort zum Opfer von organisierten Leserbriefkampagnen. Die Roma, schreibt er,<\/p>\n<blockquote><p>sind das privilegierte Opfer einer fehlgeleiteten Entwicklungspolitik, die meint, mit Geld und guten Gaben lie\u00dfe sich ein Problem l\u00f6sen.<\/p><\/blockquote>\n<p>Und er f\u00fcgt hinzu:<\/p>\n<blockquote><p>Die gro\u00dfe Mehrheit der Organisationen, die f\u00fcr Roma etwas tun, tun das mit Mitteln des eigenen Staates oder der EU, deren Subventionen am leichtesten flie\u00dfen, wenn sich am Elendszustand der bemitleideten Menschen wenig \u00e4ndert. Diese Menschen sind deshalb oft \u00fcberbesch\u00fctzt oder &#8222;overaided&#8220;, wie man heute sagt.<\/p><\/blockquote>\n<p>Als es darum ging, Baumaterial f\u00fcr den Wiederaufbau ihrer H\u00e4user im Kosovo zu bekommen, wurden die Aschkali von einem gro\u00dfen Pulk von Hilfsorganisationen in &#8222;sehr teuren Autos&#8220; begleitet und hielten es f\u00fcr selbstverst\u00e4ndlich, da\u00df sie als unterdr\u00fcckte Aschkali eine Sonderbehandlung erfahren m\u00fc\u00dften.<\/p>\n<p>Also: nicht mit Entwicklungshilfe \u00fcberh\u00e4ufen und \u00fcberbesch\u00fctzen, sondern auch fordern, sagt Neudeck. Seine Hoffnung freilich, da\u00df sich irgendwann &#8222;eine junge Roma-Elite&#8220; bildet (in Ungarn soll es erste Ans\u00e4tze dazu geben), wird wohl nicht so bald in Erf\u00fcllung gehen.<\/p>\n","protected":false},"excerpt":{"rendered":"<p>Schon diesen Namen zu gebrauchen, f\u00fchrt in ein ideologisches Minenfeld. &#8222;Zigeuner&#8220; &#8211; das sagt man einfach nicht, das Wort steht in einer Reihe mit Neger, Lappe oder Eskimo. Es ist aber nun einmal so, da\u00df viele dieser Namen, obwohl sie &hellip; <a href=\"http:\/\/antibarbarus.de\/?p=10340\">Weiterlesen <span class=\"meta-nav\">&rarr;<\/span><\/a><\/p>\n","protected":false},"author":1,"featured_media":0,"comment_status":"open","ping_status":"open","sticky":false,"template":"","format":"standard","meta":{"footnotes":""},"categories":[12,15,9],"tags":[],"class_list":["post-10340","post","type-post","status-publish","format-standard","hentry","category-politik","category-sonstiges","category-die-deutsche-sprache"],"_links":{"self":[{"href":"http:\/\/antibarbarus.de\/index.php?rest_route=\/wp\/v2\/posts\/10340","targetHints":{"allow":["GET"]}}],"collection":[{"href":"http:\/\/antibarbarus.de\/index.php?rest_route=\/wp\/v2\/posts"}],"about":[{"href":"http:\/\/antibarbarus.de\/index.php?rest_route=\/wp\/v2\/types\/post"}],"author":[{"embeddable":true,"href":"http:\/\/antibarbarus.de\/index.php?rest_route=\/wp\/v2\/users\/1"}],"replies":[{"embeddable":true,"href":"http:\/\/antibarbarus.de\/index.php?rest_route=%2Fwp%2Fv2%2Fcomments&post=10340"}],"version-history":[{"count":7,"href":"http:\/\/antibarbarus.de\/index.php?rest_route=\/wp\/v2\/posts\/10340\/revisions"}],"predecessor-version":[{"id":10353,"href":"http:\/\/antibarbarus.de\/index.php?rest_route=\/wp\/v2\/posts\/10340\/revisions\/10353"}],"wp:attachment":[{"href":"http:\/\/antibarbarus.de\/index.php?rest_route=%2Fwp%2Fv2%2Fmedia&parent=10340"}],"wp:term":[{"taxonomy":"category","embeddable":true,"href":"http:\/\/antibarbarus.de\/index.php?rest_route=%2Fwp%2Fv2%2Fcategories&post=10340"},{"taxonomy":"post_tag","embeddable":true,"href":"http:\/\/antibarbarus.de\/index.php?rest_route=%2Fwp%2Fv2%2Ftags&post=10340"}],"curies":[{"name":"wp","href":"https:\/\/api.w.org\/{rel}","templated":true}]}}