{"id":10328,"date":"2014-01-30T08:28:39","date_gmt":"2014-01-30T07:28:39","guid":{"rendered":"http:\/\/antibarbarus.de\/?p=10328"},"modified":"2014-01-30T08:28:39","modified_gmt":"2014-01-30T07:28:39","slug":"kardinal-meisner-80-jahre-und-kein-bisschen-weise","status":"publish","type":"post","link":"http:\/\/antibarbarus.de\/?p=10328","title":{"rendered":"Kardinal Meisner &#8211; 80 Jahre und kein bi\u00dfchen weise"},"content":{"rendered":"<p>Das Florett ist nicht seine Waffe, er bevorzugt eher die Axt. Und Fettn\u00e4pfchen weicht er nie aus. Das hat Kardinal Meisner, dem man wirklich die Fr\u00fchrente geg\u00f6nnt h\u00e4tte, vor ein paar Tagen wieder eindr\u00fccklich bewiesen.<\/p>\n<p>Auf einer Versammlung der katholischen Bewegung <em>Neokatechumenaler Weg<\/em>, deren Mitgliedern ein Hang zu gro\u00dfem Kinderreichtum nachgesagt<em> wird,<\/em> erkl\u00e4rte er am 24. Januar:<\/p>\n<blockquote><p>Ich sage immer, eine Familie von euch ersetzt mir drei muslimische Familien.<\/p><\/blockquote>\n<p>Da wird also die Geb\u00e4rfreudigkeit zu einem wichtigen Faktor im Kampf der Kulturen. Der Aufschrei, der diesem Zitat folgte, war zu erwarten, die \u00fcblichen Verd\u00e4chtigen waren dabei: vorneweg, wie immer, der Vorsitzende des Zentralrats der Muslime, Aiman Mazyek. Und Bekir Alboga von der T\u00fcrkisch-Islamischen Union Ditib sagte:<\/p>\n<blockquote><p>Man stelle sich vor, ein muslimischer W\u00fcrdentr\u00e4ger in vergleichbarer Position w\u00fcrde diesen Satz formulieren &#8211; ein Emp\u00f6rungsschrei ginge durch die Gesellschaft.<\/p><\/blockquote>\n<p>Ich wei\u00df ja nicht, ob man den t\u00fcrkischen Ministerpr\u00e4sidenten Erdogan als &#8222;muslimischen W\u00fcrdentr\u00e4ger&#8220; bezeichnen darf, aber ich erinnere mich noch gut, da\u00df er im vergangenen Sommer alle t\u00fcrkischen Frauen dazu verdonnert hat, &#8222;mindestens drei Kinder&#8220; zu bekommen. Es sei sein Recht, das zu fordern. Da\u00df auch bei ihm, zumindest im Hinterkopf, der Kinderreichtum eine wichtige Rolle im Wettbewerb zwischen den Nationen und den Religionen spielt, scheint mir ausgemacht.<\/p>\n<p>Das ist freilich keine Entschuldigung f\u00fcr die dummen Bemerkungen des Kardinals. Wie gesagt: eine Fr\u00fchverrentung w\u00e4re f\u00fcr Meisner selbst und f\u00fcr die Kirche ein Segen gewesen. Man kann nur hoffen, da\u00df der Vatikan bei der Wahl seines Nachfolgers ein besseres H\u00e4ndchen hat.<\/p>\n","protected":false},"excerpt":{"rendered":"<p>Das Florett ist nicht seine Waffe, er bevorzugt eher die Axt. Und Fettn\u00e4pfchen weicht er nie aus. Das hat Kardinal Meisner, dem man wirklich die Fr\u00fchrente geg\u00f6nnt h\u00e4tte, vor ein paar Tagen wieder eindr\u00fccklich bewiesen. Auf einer Versammlung der katholischen &hellip; <a href=\"http:\/\/antibarbarus.de\/?p=10328\">Weiterlesen <span class=\"meta-nav\">&rarr;<\/span><\/a><\/p>\n","protected":false},"author":1,"featured_media":0,"comment_status":"open","ping_status":"open","sticky":false,"template":"","format":"standard","meta":{"footnotes":""},"categories":[3,5],"tags":[],"class_list":["post-10328","post","type-post","status-publish","format-standard","hentry","category-christentum","category-islam"],"_links":{"self":[{"href":"http:\/\/antibarbarus.de\/index.php?rest_route=\/wp\/v2\/posts\/10328","targetHints":{"allow":["GET"]}}],"collection":[{"href":"http:\/\/antibarbarus.de\/index.php?rest_route=\/wp\/v2\/posts"}],"about":[{"href":"http:\/\/antibarbarus.de\/index.php?rest_route=\/wp\/v2\/types\/post"}],"author":[{"embeddable":true,"href":"http:\/\/antibarbarus.de\/index.php?rest_route=\/wp\/v2\/users\/1"}],"replies":[{"embeddable":true,"href":"http:\/\/antibarbarus.de\/index.php?rest_route=%2Fwp%2Fv2%2Fcomments&post=10328"}],"version-history":[{"count":4,"href":"http:\/\/antibarbarus.de\/index.php?rest_route=\/wp\/v2\/posts\/10328\/revisions"}],"predecessor-version":[{"id":10332,"href":"http:\/\/antibarbarus.de\/index.php?rest_route=\/wp\/v2\/posts\/10328\/revisions\/10332"}],"wp:attachment":[{"href":"http:\/\/antibarbarus.de\/index.php?rest_route=%2Fwp%2Fv2%2Fmedia&parent=10328"}],"wp:term":[{"taxonomy":"category","embeddable":true,"href":"http:\/\/antibarbarus.de\/index.php?rest_route=%2Fwp%2Fv2%2Fcategories&post=10328"},{"taxonomy":"post_tag","embeddable":true,"href":"http:\/\/antibarbarus.de\/index.php?rest_route=%2Fwp%2Fv2%2Ftags&post=10328"}],"curies":[{"name":"wp","href":"https:\/\/api.w.org\/{rel}","templated":true}]}}