{"id":10313,"date":"2014-01-29T03:00:01","date_gmt":"2014-01-29T02:00:01","guid":{"rendered":"http:\/\/antibarbarus.de\/?p=10313"},"modified":"2014-01-29T03:03:49","modified_gmt":"2014-01-29T02:03:49","slug":"der-fokussierte-kapazitaetsmechanismus-er-lebe-hoch-hoch-hoch","status":"publish","type":"post","link":"http:\/\/antibarbarus.de\/?p=10313","title":{"rendered":"Der Seehofer-Kretschmann-Code, vorgestellt am Beispiel des fokussierten Kapazit\u00e4tsmechanismus"},"content":{"rendered":"<p>Wenn sich Seehofer und Kretschmann einig sind, mu\u00df man es mit der Angst zu tun bekommen. Und wenn es dabei um die Windenergie geht, noch mehr.<\/p>\n<p>Kretschmann will mit den &#8222;sch\u00f6nen Maschinen&#8220; (so nennt er die Windkraftanlagen) seinen sch\u00f6nen Schwarzwald noch sch\u00f6ner machen. Soll er nur &#8211; die Touristen, die ja nicht in den Schwarzwald kommen, um sch\u00f6ne Maschinen zu sehen, werden dar\u00fcber mit den F\u00fc\u00dfen bzw. ihren Hotelbuchungen abstimmen.<\/p>\n<p>Seehofer ist einer, der eigentlich zu nichts und niemandem eine dezidierte Meinung hat. Insofern pa\u00dft er sehr gut zur wunderbar wandelbaren Kanzlerin. Sie sind das Traumpaar der politischen Beliebigkeit. Beide w\u00e4ren, wenn es dieses Sternzeichen g\u00e4be, im Zeichen des Cham\u00e4leons geboren. Oder, da sie ihr F\u00e4hnlein so gern nach dem Winde richten, vielleicht doch eher im Zeichen des Aeolus?<\/p>\n<p>Seehofer, der zumindest gro\u00dfe Teile Bayerns bis jetzt durch sein Lavieren und Taktieren vor der Verschandelung durch Windkraftmonster bewahrt hat, findet auf einmal Gefallen am Kollegen Kretschmann. In einer gemeinsamen Erkl\u00e4rung fordern die beiden mit gro\u00dfer Entschiedenheit &#8211; ja, was eigentlich?<\/p>\n<p>An dieser Stelle mu\u00df ich ein Gest\u00e4ndnis machen. Ich habe, auch wenn das schon ein Weilchen her ist, nicht wenige Semester Germanistik studiert. Und ich habe mich danach ein Leben lang (und immer liebevoll!) mit der deutschen Sprache besch\u00e4ftigt. Auch mit den Feinheiten der Windenergie und des EEG habe ich mich inzwischen (leider!) vertraut machen m\u00fcssen. Aber diese gemeinsame Erkl\u00e4rung von Kretschmann und Seehofer verstehe ich trotzdem nicht. Ich verstehe nicht, was die beiden eigentlich sagen wollen. Ist es vielleicht ein Code, eine Art Geheimsprache? Mu\u00df man zwischen den Zeilen lesen?<\/p>\n<p>Zum Beispiel erschlie\u00dft sich mir (trotz langen und konzentrierten Nachdenkens!) immer noch nicht, was ein &#8222;fokussierter Kapazit\u00e4tsmechanismus&#8220; ist. Das Wort erinnert mich an alte Computerprogramme, die aus Adjektiven und Substantiven immer neue absurde und v\u00f6llig sinnlose Wortkombinationen generiert haben. Hat da vielleicht der Seehofer seinen alten C64 zum Treffen mit Kretschmann mitgebracht?<\/p>\n<p>Aber vielleicht gibt es ja Journalisten, die das alles besser verstanden haben als ich? Die <a title=\"F.A.Z.\" href=\"http:\/\/www.faz.net\/aktuell\/politik\/inland\/energiewende-seehofer-und-kretschmann-verbuenden-sich-12773786.html\">F.A.Z.<\/a> hat sich an einer Entschl\u00fcsselung des Codes versucht und fa\u00dft ihr Ergebnis in diesem d\u00fcrren Satz zusammen:<\/p>\n<blockquote><p>Die Ministerpr\u00e4sidenten Seehofer und Kretschmann verlangen, dass Windkraftanlagen auch an schw\u00e4cheren Standorten weiter rentabel betrieben werden k\u00f6nnen.<\/p><\/blockquote>\n<p>Das hie\u00dfe doch, ins Deutsche \u00fcbersetzt: auch wo wenig Wind weht, kann man ruhig Windr\u00e4der aufstellen, denn daf\u00fcr, da\u00df sie <em>f\u00fcr die Betreiber<\/em>\u00a0trotzdem rentabel sind, sorgt der Steuerzahler. Der Steuerzahler zahlt also f\u00fcr Strom, der gar nicht erzeugt wird.<\/p>\n<p>Also, jetzt verstehe ich auch, warum die beiden Herren das so kryptisch ausgedr\u00fcckt haben.<\/p>\n","protected":false},"excerpt":{"rendered":"<p>Wenn sich Seehofer und Kretschmann einig sind, mu\u00df man es mit der Angst zu tun bekommen. Und wenn es dabei um die Windenergie geht, noch mehr. Kretschmann will mit den &#8222;sch\u00f6nen Maschinen&#8220; (so nennt er die Windkraftanlagen) seinen sch\u00f6nen Schwarzwald &hellip; <a href=\"http:\/\/antibarbarus.de\/?p=10313\">Weiterlesen <span class=\"meta-nav\">&rarr;<\/span><\/a><\/p>\n","protected":false},"author":1,"featured_media":0,"comment_status":"open","ping_status":"open","sticky":false,"template":"","format":"standard","meta":{"footnotes":""},"categories":[12,8],"tags":[],"class_list":["post-10313","post","type-post","status-publish","format-standard","hentry","category-politik","category-windkraftanlagen"],"_links":{"self":[{"href":"http:\/\/antibarbarus.de\/index.php?rest_route=\/wp\/v2\/posts\/10313","targetHints":{"allow":["GET"]}}],"collection":[{"href":"http:\/\/antibarbarus.de\/index.php?rest_route=\/wp\/v2\/posts"}],"about":[{"href":"http:\/\/antibarbarus.de\/index.php?rest_route=\/wp\/v2\/types\/post"}],"author":[{"embeddable":true,"href":"http:\/\/antibarbarus.de\/index.php?rest_route=\/wp\/v2\/users\/1"}],"replies":[{"embeddable":true,"href":"http:\/\/antibarbarus.de\/index.php?rest_route=%2Fwp%2Fv2%2Fcomments&post=10313"}],"version-history":[{"count":5,"href":"http:\/\/antibarbarus.de\/index.php?rest_route=\/wp\/v2\/posts\/10313\/revisions"}],"predecessor-version":[{"id":10320,"href":"http:\/\/antibarbarus.de\/index.php?rest_route=\/wp\/v2\/posts\/10313\/revisions\/10320"}],"wp:attachment":[{"href":"http:\/\/antibarbarus.de\/index.php?rest_route=%2Fwp%2Fv2%2Fmedia&parent=10313"}],"wp:term":[{"taxonomy":"category","embeddable":true,"href":"http:\/\/antibarbarus.de\/index.php?rest_route=%2Fwp%2Fv2%2Fcategories&post=10313"},{"taxonomy":"post_tag","embeddable":true,"href":"http:\/\/antibarbarus.de\/index.php?rest_route=%2Fwp%2Fv2%2Ftags&post=10313"}],"curies":[{"name":"wp","href":"https:\/\/api.w.org\/{rel}","templated":true}]}}